{"id":10490,"date":"2023-06-21T06:49:32","date_gmt":"2023-06-21T06:49:32","guid":{"rendered":"https:\/\/centrodeportivocortijoalto.com\/?p=10490"},"modified":"2023-06-21T06:49:32","modified_gmt":"2023-06-21T06:49:32","slug":"world-padel-tour-malaga","status":"publish","type":"post","link":"https:\/\/www.centrodeportivocortijoalto.com\/en\/world-padel-tour-malaga\/","title":{"rendered":"World Padel Tour Malaga"},"content":{"rendered":"<p>The World Padel Tour<strong> can be enjoyed in the province of Malaga<\/strong> in two of its venues, one in the capital and the other in Marbella. You can&#8217;t miss it!<\/p>\n<h2>When will the World Padel Tour be held in Malaga?<\/h2>\n<p><strong>The World Padel Tour lands in Malaga in July<\/strong>, where different popular faces of padel at a global level will face each other.<br \/>\nDon&#8217;t run out of tickets, there are only the last ones left! This is a unique experience for padel lovers. We are not going to miss it, <strong>it is going to be something epic and unforgettable<\/strong>.<\/p>\n<h2>Where to play paddle tennis in Malaga<\/h2>\n<p>Maybe you are a padel lover but you are not interested in watching the World Padel Tour Malaga, your thing is to play it in person! We think it&#8217;s great too.<\/p>\n<p>If you are looking for <a href=\"https:\/\/www.centrodeportivocortijoalto.com\/servicios\/alquiler-de-pistas\/\">paddle tennis court rental<\/a><strong> in Malaga<\/strong>, in Centro Cortijo Alto we have the <strong>best paddle tennis courts in the area<\/strong> that you can rent to enjoy with friends, family or as a couple.<\/p>\n<p><strong>Rent your padel court in Cortijo Alto<\/strong> right now and live your own World Padel Tour with the companions of your choice.<\/p>\n<h2>Benefits of playing paddle tennis<\/h2>\n<p>Playing paddle tennis has <strong>many benefits<\/strong>, among them we can highlight the following:<\/p>\n<h3>#1 Improves physical condition<\/h3>\n<p>Padel is a demanding sport that requires quick movements, changes of direction and constant physical effort. A person who plays padel regularly <strong>will improve their cardiovascular and muscular endurance, coordination and agility.<\/strong><\/p>\n<h3>#2 Burns calories<\/h3>\n<p>Being an active sport,<strong> between 400 and 600 calories<\/strong> are burned during an hour of intense play.<\/p>\n<h3>#3 Strengthens social relationships<\/h3>\n<p>Paddle tennis should be played in pairs or groups, making it a great way to <strong>meet new people with similar interests and socialise.<\/strong> Playing paddle on a regular basis will allow you to establish friendships and strengthen existing ones.<\/p>\n<h4>#4 Develop mental skills<\/h4>\n<p>In padel it is essential to have a strategy, to anticipate and make quick decisions. This develops <strong>cognitive skills such as concentration, attention and mental acuity.<\/strong><\/p>\n<h3>#5 Reduces stress<\/h3>\n<p>Like any other physical activity, paddle tennis releases endorphins, <strong>which generates a feeling of well-being and reduces stress.<\/strong> Moreover, as it is a team game, fun is guaranteed, distracting the mind and taking away the worries of everyday life.<\/p>\n<ul>\n<li><em>You may be interested in: &#8220;<a href=\"https:\/\/www.centrodeportivocortijoalto.com\/tipos-de-pistas-de-tenis-y-sus-caracteristicas\/\">Types of tennis courts and their characteristics<\/a>&#8220;.<\/em><\/li>\n<\/ul>\n<h3>#6 Improves cardiovascular health<\/h3>\n<p>Padel, being an aerobic activity, <strong>involves constant movements that contribute to strengthening the cardiovascular system.<\/strong> Playing paddle on a regular basis helps blood circulation, lowers blood pressure and ultimately reduces the risk of cardiovascular disease.<\/p>\n<h2>Paddle tennis courts for rent in Malaga<\/h2>\n<p>Don&#8217;t hesitate any longer and rent your court at Centro Cortijo Alto! We are looking forward to welcoming you and your companions. And afterwards <strong>you can celebrate your friendship with a drink in the bar of our centre.<\/strong> Can you resist this great plan? <a href=\"https:\/\/www.centrodeportivocortijoalto.com\/contacto\/\">Contact us<\/a> right now!<\/p>\n","protected":false},"excerpt":{"rendered":"<p>The World Padel Tour can be enjoyed in the province of Malaga in two of its venues, one in the capital and the other in Marbella. You can&#8217;t miss it! When will the World Padel Tour be held in Malaga?<a class=\"btn btn-featured-news\" href=\"https:\/\/www.centrodeportivocortijoalto.com\/en\/world-padel-tour-malaga\/\">Read more<\/a><\/p>\n","protected":false},"author":561,"featured_media":10488,"comment_status":"open","ping_status":"closed","sticky":false,"template":"","format":"standard","meta":{"_acf_changed":false,"footnotes":""},"categories":[152],"tags":[161,150],"class_list":["post-10490","post","type-post","status-publish","format-standard","has-post-thumbnail","hentry","category-cortijo-alto-tennis","tag-court-rental-malaga","tag-tennis-malaga"],"acf":[],"yoast_head":"<!-- This site is optimized with the Yoast SEO plugin v27.4 - https:\/\/yoast.com\/product\/yoast-seo-wordpress\/ -->\n<title>World Padel Tour Malaga - Centro deportivo cortijo alto M\u00e1laga<\/title>\n<meta name=\"robots\" content=\"index, follow, max-snippet:-1, max-image-preview:large, max-video-preview:-1\" \/>\n<link rel=\"canonical\" href=\"https:\/\/www.centrodeportivocortijoalto.com\/world-padel-tour-malaga\/\" \/>\n<meta property=\"og:locale\" content=\"en_US\" \/>\n<meta property=\"og:type\" content=\"article\" \/>\n<meta property=\"og:title\" content=\"World Padel Tour Malaga - Centro deportivo cortijo alto M\u00e1laga\" \/>\n<meta property=\"og:description\" content=\"The World Padel Tour can be enjoyed in the province of Malaga in two of its venues, one in the capital and the other in Marbella. You can&#8217;t miss it! When will the World Padel Tour be held in Malaga?Read more\" \/>\n<meta property=\"og:url\" content=\"https:\/\/www.centrodeportivocortijoalto.com\/world-padel-tour-malaga\/\" \/>\n<meta property=\"og:site_name\" content=\"Centro deportivo cortijo alto M\u00e1laga\" \/>\n<meta property=\"article:publisher\" content=\"https:\/\/www.facebook.com\/tenisypadelcortijoalto\/?locale=es_ES\" \/>\n<meta property=\"article:published_time\" content=\"2023-06-21T06:49:32+00:00\" \/>\n<meta property=\"og:image\" content=\"https:\/\/www.centrodeportivocortijoalto.com\/wp-content\/uploads\/2023\/06\/world-padel-tour-malaga.jpeg\" \/>\n\t<meta property=\"og:image:width\" content=\"1200\" \/>\n\t<meta property=\"og:image:height\" content=\"640\" \/>\n\t<meta property=\"og:image:type\" content=\"image\/jpeg\" \/>\n<meta name=\"author\" content=\"Laura Cortijo Alto\" \/>\n<meta name=\"twitter:card\" content=\"summary_large_image\" \/>\n<meta name=\"twitter:label1\" content=\"Written by\" \/>\n\t<meta name=\"twitter:data1\" content=\"Laura Cortijo Alto\" \/>\n\t<meta name=\"twitter:label2\" content=\"Est. reading time\" \/>\n\t<meta name=\"twitter:data2\" content=\"2 minutes\" \/>\n<script type=\"application\/ld+json\" class=\"yoast-schema-graph\">{\"@context\":\"https:\\\/\\\/schema.org\",\"@graph\":[{\"@type\":\"Article\",\"@id\":\"https:\\\/\\\/www.centrodeportivocortijoalto.com\\\/world-padel-tour-malaga\\\/#article\",\"isPartOf\":{\"@id\":\"https:\\\/\\\/www.centrodeportivocortijoalto.com\\\/world-padel-tour-malaga\\\/\"},\"author\":{\"name\":\"Laura Cortijo Alto\",\"@id\":\"https:\\\/\\\/www.centrodeportivocortijoalto.com\\\/#\\\/schema\\\/person\\\/0e4fc5c029cf1cfd64cc8a9ca5c7a52a\"},\"headline\":\"World Padel Tour Malaga\",\"datePublished\":\"2023-06-21T06:49:32+00:00\",\"mainEntityOfPage\":{\"@id\":\"https:\\\/\\\/www.centrodeportivocortijoalto.com\\\/world-padel-tour-malaga\\\/\"},\"wordCount\":492,\"commentCount\":0,\"publisher\":{\"@id\":\"https:\\\/\\\/www.centrodeportivocortijoalto.com\\\/#organization\"},\"image\":{\"@id\":\"https:\\\/\\\/www.centrodeportivocortijoalto.com\\\/world-padel-tour-malaga\\\/#primaryimage\"},\"thumbnailUrl\":\"https:\\\/\\\/www.centrodeportivocortijoalto.com\\\/wp-content\\\/uploads\\\/2023\\\/06\\\/world-padel-tour-malaga.jpeg\",\"keywords\":[\"court rental malaga\",\"tennis malaga\"],\"articleSection\":[\"Cortijo Alto Tennis\"],\"inLanguage\":\"en-US\",\"potentialAction\":[{\"@type\":\"CommentAction\",\"name\":\"Comment\",\"target\":[\"https:\\\/\\\/www.centrodeportivocortijoalto.com\\\/world-padel-tour-malaga\\\/#respond\"]}]},{\"@type\":\"WebPage\",\"@id\":\"https:\\\/\\\/www.centrodeportivocortijoalto.com\\\/world-padel-tour-malaga\\\/\",\"url\":\"https:\\\/\\\/www.centrodeportivocortijoalto.com\\\/world-padel-tour-malaga\\\/\",\"name\":\"World Padel Tour Malaga - Centro deportivo cortijo alto M\u00e1laga\",\"isPartOf\":{\"@id\":\"https:\\\/\\\/www.centrodeportivocortijoalto.com\\\/#website\"},\"primaryImageOfPage\":{\"@id\":\"https:\\\/\\\/www.centrodeportivocortijoalto.com\\\/world-padel-tour-malaga\\\/#primaryimage\"},\"image\":{\"@id\":\"https:\\\/\\\/www.centrodeportivocortijoalto.com\\\/world-padel-tour-malaga\\\/#primaryimage\"},\"thumbnailUrl\":\"https:\\\/\\\/www.centrodeportivocortijoalto.com\\\/wp-content\\\/uploads\\\/2023\\\/06\\\/world-padel-tour-malaga.jpeg\",\"datePublished\":\"2023-06-21T06:49:32+00:00\",\"breadcrumb\":{\"@id\":\"https:\\\/\\\/www.centrodeportivocortijoalto.com\\\/world-padel-tour-malaga\\\/#breadcrumb\"},\"inLanguage\":\"en-US\",\"potentialAction\":[{\"@type\":\"ReadAction\",\"target\":[\"https:\\\/\\\/www.centrodeportivocortijoalto.com\\\/world-padel-tour-malaga\\\/\"]}]},{\"@type\":\"ImageObject\",\"inLanguage\":\"en-US\",\"@id\":\"https:\\\/\\\/www.centrodeportivocortijoalto.com\\\/world-padel-tour-malaga\\\/#primaryimage\",\"url\":\"https:\\\/\\\/www.centrodeportivocortijoalto.com\\\/wp-content\\\/uploads\\\/2023\\\/06\\\/world-padel-tour-malaga.jpeg\",\"contentUrl\":\"https:\\\/\\\/www.centrodeportivocortijoalto.com\\\/wp-content\\\/uploads\\\/2023\\\/06\\\/world-padel-tour-malaga.jpeg\",\"width\":1200,\"height\":640,\"caption\":\"pistas padel malaga\"},{\"@type\":\"BreadcrumbList\",\"@id\":\"https:\\\/\\\/www.centrodeportivocortijoalto.com\\\/world-padel-tour-malaga\\\/#breadcrumb\",\"itemListElement\":[{\"@type\":\"ListItem\",\"position\":1,\"name\":\"Portada\",\"item\":\"https:\\\/\\\/www.centrodeportivocortijoalto.com\\\/\"},{\"@type\":\"ListItem\",\"position\":2,\"name\":\"World Padel Tour Malaga\"}]},{\"@type\":\"WebSite\",\"@id\":\"https:\\\/\\\/www.centrodeportivocortijoalto.com\\\/#website\",\"url\":\"https:\\\/\\\/www.centrodeportivocortijoalto.com\\\/\",\"name\":\"Centro Deportivo Cortijo Alto\",\"description\":\"Cortijo Alto, Centro especializado en la ense\u00f1anza del tenis en M\u00e1laga, Podr\u00e1s apuntar a la escuela, alquilar pistas de tenis, de p\u00e1del y clases de entrenamiento funcional al aire libre.\",\"publisher\":{\"@id\":\"https:\\\/\\\/www.centrodeportivocortijoalto.com\\\/#organization\"},\"potentialAction\":[{\"@type\":\"SearchAction\",\"target\":{\"@type\":\"EntryPoint\",\"urlTemplate\":\"https:\\\/\\\/www.centrodeportivocortijoalto.com\\\/?s={search_term_string}\"},\"query-input\":{\"@type\":\"PropertyValueSpecification\",\"valueRequired\":true,\"valueName\":\"search_term_string\"}}],\"inLanguage\":\"en-US\"},{\"@type\":\"Organization\",\"@id\":\"https:\\\/\\\/www.centrodeportivocortijoalto.com\\\/#organization\",\"name\":\"Centro Deportivo Cortijo Alto\",\"url\":\"https:\\\/\\\/www.centrodeportivocortijoalto.com\\\/\",\"logo\":{\"@type\":\"ImageObject\",\"inLanguage\":\"en-US\",\"@id\":\"https:\\\/\\\/www.centrodeportivocortijoalto.com\\\/#\\\/schema\\\/logo\\\/image\\\/\",\"url\":\"https:\\\/\\\/www.centrodeportivocortijoalto.com\\\/wp-content\\\/uploads\\\/2023\\\/01\\\/Logotipo-escuela-de-tenis-para-NUEVOS-carteles.jpg\",\"contentUrl\":\"https:\\\/\\\/www.centrodeportivocortijoalto.com\\\/wp-content\\\/uploads\\\/2023\\\/01\\\/Logotipo-escuela-de-tenis-para-NUEVOS-carteles.jpg\",\"width\":958,\"height\":1024,\"caption\":\"Centro Deportivo Cortijo Alto\"},\"image\":{\"@id\":\"https:\\\/\\\/www.centrodeportivocortijoalto.com\\\/#\\\/schema\\\/logo\\\/image\\\/\"},\"sameAs\":[\"https:\\\/\\\/www.facebook.com\\\/tenisypadelcortijoalto\\\/?locale=es_ES\",\"https:\\\/\\\/www.instagram.com\\\/teniscortijoalto\\\/?hl=es\"]},{\"@type\":\"Person\",\"@id\":\"https:\\\/\\\/www.centrodeportivocortijoalto.com\\\/#\\\/schema\\\/person\\\/0e4fc5c029cf1cfd64cc8a9ca5c7a52a\",\"name\":\"Laura Cortijo Alto\",\"image\":{\"@type\":\"ImageObject\",\"inLanguage\":\"en-US\",\"@id\":\"https:\\\/\\\/secure.gravatar.com\\\/avatar\\\/ca75b19501699d5b194425177c289dea3c2badf4431977c0158ba2a5ea4a2a19?s=96&d=mm&r=g\",\"url\":\"https:\\\/\\\/secure.gravatar.com\\\/avatar\\\/ca75b19501699d5b194425177c289dea3c2badf4431977c0158ba2a5ea4a2a19?s=96&d=mm&r=g\",\"contentUrl\":\"https:\\\/\\\/secure.gravatar.com\\\/avatar\\\/ca75b19501699d5b194425177c289dea3c2badf4431977c0158ba2a5ea4a2a19?s=96&d=mm&r=g\",\"caption\":\"Laura Cortijo Alto\"},\"url\":\"https:\\\/\\\/www.centrodeportivocortijoalto.com\\\/en\\\/author\\\/adminmadeinmedia\\\/\"}]}<\/script>\n<!-- \/ Yoast SEO plugin. -->","yoast_head_json":{"title":"World Padel Tour Malaga - Centro deportivo cortijo alto M\u00e1laga","robots":{"index":"index","follow":"follow","max-snippet":"max-snippet:-1","max-image-preview":"max-image-preview:large","max-video-preview":"max-video-preview:-1"},"canonical":"https:\/\/www.centrodeportivocortijoalto.com\/world-padel-tour-malaga\/","og_locale":"en_US","og_type":"article","og_title":"World Padel Tour Malaga - Centro deportivo cortijo alto M\u00e1laga","og_description":"The World Padel Tour can be enjoyed in the province of Malaga in two of its venues, one in the capital and the other in Marbella. You can&#8217;t miss it! When will the World Padel Tour be held in Malaga?Read more","og_url":"https:\/\/www.centrodeportivocortijoalto.com\/world-padel-tour-malaga\/","og_site_name":"Centro deportivo cortijo alto M\u00e1laga","article_publisher":"https:\/\/www.facebook.com\/tenisypadelcortijoalto\/?locale=es_ES","article_published_time":"2023-06-21T06:49:32+00:00","og_image":[{"width":1200,"height":640,"url":"https:\/\/www.centrodeportivocortijoalto.com\/wp-content\/uploads\/2023\/06\/world-padel-tour-malaga.jpeg","type":"image\/jpeg"}],"author":"Laura Cortijo Alto","twitter_card":"summary_large_image","twitter_misc":{"Written by":"Laura Cortijo Alto","Est. reading time":"2 minutes"},"schema":{"@context":"https:\/\/schema.org","@graph":[{"@type":"Article","@id":"https:\/\/www.centrodeportivocortijoalto.com\/world-padel-tour-malaga\/#article","isPartOf":{"@id":"https:\/\/www.centrodeportivocortijoalto.com\/world-padel-tour-malaga\/"},"author":{"name":"Laura Cortijo Alto","@id":"https:\/\/www.centrodeportivocortijoalto.com\/#\/schema\/person\/0e4fc5c029cf1cfd64cc8a9ca5c7a52a"},"headline":"World Padel Tour Malaga","datePublished":"2023-06-21T06:49:32+00:00","mainEntityOfPage":{"@id":"https:\/\/www.centrodeportivocortijoalto.com\/world-padel-tour-malaga\/"},"wordCount":492,"commentCount":0,"publisher":{"@id":"https:\/\/www.centrodeportivocortijoalto.com\/#organization"},"image":{"@id":"https:\/\/www.centrodeportivocortijoalto.com\/world-padel-tour-malaga\/#primaryimage"},"thumbnailUrl":"https:\/\/www.centrodeportivocortijoalto.com\/wp-content\/uploads\/2023\/06\/world-padel-tour-malaga.jpeg","keywords":["court rental malaga","tennis malaga"],"articleSection":["Cortijo Alto Tennis"],"inLanguage":"en-US","potentialAction":[{"@type":"CommentAction","name":"Comment","target":["https:\/\/www.centrodeportivocortijoalto.com\/world-padel-tour-malaga\/#respond"]}]},{"@type":"WebPage","@id":"https:\/\/www.centrodeportivocortijoalto.com\/world-padel-tour-malaga\/","url":"https:\/\/www.centrodeportivocortijoalto.com\/world-padel-tour-malaga\/","name":"World Padel Tour Malaga - Centro deportivo cortijo alto M\u00e1laga","isPartOf":{"@id":"https:\/\/www.centrodeportivocortijoalto.com\/#website"},"primaryImageOfPage":{"@id":"https:\/\/www.centrodeportivocortijoalto.com\/world-padel-tour-malaga\/#primaryimage"},"image":{"@id":"https:\/\/www.centrodeportivocortijoalto.com\/world-padel-tour-malaga\/#primaryimage"},"thumbnailUrl":"https:\/\/www.centrodeportivocortijoalto.com\/wp-content\/uploads\/2023\/06\/world-padel-tour-malaga.jpeg","datePublished":"2023-06-21T06:49:32+00:00","breadcrumb":{"@id":"https:\/\/www.centrodeportivocortijoalto.com\/world-padel-tour-malaga\/#breadcrumb"},"inLanguage":"en-US","potentialAction":[{"@type":"ReadAction","target":["https:\/\/www.centrodeportivocortijoalto.com\/world-padel-tour-malaga\/"]}]},{"@type":"ImageObject","inLanguage":"en-US","@id":"https:\/\/www.centrodeportivocortijoalto.com\/world-padel-tour-malaga\/#primaryimage","url":"https:\/\/www.centrodeportivocortijoalto.com\/wp-content\/uploads\/2023\/06\/world-padel-tour-malaga.jpeg","contentUrl":"https:\/\/www.centrodeportivocortijoalto.com\/wp-content\/uploads\/2023\/06\/world-padel-tour-malaga.jpeg","width":1200,"height":640,"caption":"pistas padel malaga"},{"@type":"BreadcrumbList","@id":"https:\/\/www.centrodeportivocortijoalto.com\/world-padel-tour-malaga\/#breadcrumb","itemListElement":[{"@type":"ListItem","position":1,"name":"Portada","item":"https:\/\/www.centrodeportivocortijoalto.com\/"},{"@type":"ListItem","position":2,"name":"World Padel Tour Malaga"}]},{"@type":"WebSite","@id":"https:\/\/www.centrodeportivocortijoalto.com\/#website","url":"https:\/\/www.centrodeportivocortijoalto.com\/","name":"Centro Deportivo Cortijo Alto","description":"Cortijo Alto, Centro especializado en la ense\u00f1anza del tenis en M\u00e1laga, Podr\u00e1s apuntar a la escuela, alquilar pistas de tenis, de p\u00e1del y clases de entrenamiento funcional al aire libre.","publisher":{"@id":"https:\/\/www.centrodeportivocortijoalto.com\/#organization"},"potentialAction":[{"@type":"SearchAction","target":{"@type":"EntryPoint","urlTemplate":"https:\/\/www.centrodeportivocortijoalto.com\/?s={search_term_string}"},"query-input":{"@type":"PropertyValueSpecification","valueRequired":true,"valueName":"search_term_string"}}],"inLanguage":"en-US"},{"@type":"Organization","@id":"https:\/\/www.centrodeportivocortijoalto.com\/#organization","name":"Centro Deportivo Cortijo Alto","url":"https:\/\/www.centrodeportivocortijoalto.com\/","logo":{"@type":"ImageObject","inLanguage":"en-US","@id":"https:\/\/www.centrodeportivocortijoalto.com\/#\/schema\/logo\/image\/","url":"https:\/\/www.centrodeportivocortijoalto.com\/wp-content\/uploads\/2023\/01\/Logotipo-escuela-de-tenis-para-NUEVOS-carteles.jpg","contentUrl":"https:\/\/www.centrodeportivocortijoalto.com\/wp-content\/uploads\/2023\/01\/Logotipo-escuela-de-tenis-para-NUEVOS-carteles.jpg","width":958,"height":1024,"caption":"Centro Deportivo Cortijo Alto"},"image":{"@id":"https:\/\/www.centrodeportivocortijoalto.com\/#\/schema\/logo\/image\/"},"sameAs":["https:\/\/www.facebook.com\/tenisypadelcortijoalto\/?locale=es_ES","https:\/\/www.instagram.com\/teniscortijoalto\/?hl=es"]},{"@type":"Person","@id":"https:\/\/www.centrodeportivocortijoalto.com\/#\/schema\/person\/0e4fc5c029cf1cfd64cc8a9ca5c7a52a","name":"Laura Cortijo Alto","image":{"@type":"ImageObject","inLanguage":"en-US","@id":"https:\/\/secure.gravatar.com\/avatar\/ca75b19501699d5b194425177c289dea3c2badf4431977c0158ba2a5ea4a2a19?s=96&d=mm&r=g","url":"https:\/\/secure.gravatar.com\/avatar\/ca75b19501699d5b194425177c289dea3c2badf4431977c0158ba2a5ea4a2a19?s=96&d=mm&r=g","contentUrl":"https:\/\/secure.gravatar.com\/avatar\/ca75b19501699d5b194425177c289dea3c2badf4431977c0158ba2a5ea4a2a19?s=96&d=mm&r=g","caption":"Laura Cortijo Alto"},"url":"https:\/\/www.centrodeportivocortijoalto.com\/en\/author\/adminmadeinmedia\/"}]}},"_links":{"self":[{"href":"https:\/\/www.centrodeportivocortijoalto.com\/en\/wp-json\/wp\/v2\/posts\/10490","targetHints":{"allow":["GET"]}}],"collection":[{"href":"https:\/\/www.centrodeportivocortijoalto.com\/en\/wp-json\/wp\/v2\/posts"}],"about":[{"href":"https:\/\/www.centrodeportivocortijoalto.com\/en\/wp-json\/wp\/v2\/types\/post"}],"author":[{"embeddable":true,"href":"https:\/\/www.centrodeportivocortijoalto.com\/en\/wp-json\/wp\/v2\/users\/561"}],"replies":[{"embeddable":true,"href":"https:\/\/www.centrodeportivocortijoalto.com\/en\/wp-json\/wp\/v2\/comments?post=10490"}],"version-history":[{"count":1,"href":"https:\/\/www.centrodeportivocortijoalto.com\/en\/wp-json\/wp\/v2\/posts\/10490\/revisions"}],"predecessor-version":[{"id":10491,"href":"https:\/\/www.centrodeportivocortijoalto.com\/en\/wp-json\/wp\/v2\/posts\/10490\/revisions\/10491"}],"wp:featuredmedia":[{"embeddable":true,"href":"https:\/\/www.centrodeportivocortijoalto.com\/en\/wp-json\/wp\/v2\/media\/10488"}],"wp:attachment":[{"href":"https:\/\/www.centrodeportivocortijoalto.com\/en\/wp-json\/wp\/v2\/media?parent=10490"}],"wp:term":[{"taxonomy":"category","embeddable":true,"href":"https:\/\/www.centrodeportivocortijoalto.com\/en\/wp-json\/wp\/v2\/categories?post=10490"},{"taxonomy":"post_tag","embeddable":true,"href":"https:\/\/www.centrodeportivocortijoalto.com\/en\/wp-json\/wp\/v2\/tags?post=10490"}],"curies":[{"name":"wp","href":"https:\/\/api.w.org\/{rel}","templated":true}]}}