{"id":10589,"date":"2023-09-20T07:06:38","date_gmt":"2023-09-20T07:06:38","guid":{"rendered":"https:\/\/centrodeportivocortijoalto.com\/?p=10589"},"modified":"2023-09-20T07:06:38","modified_gmt":"2023-09-20T07:06:38","slug":"is-rafa-nadal-going-to-quit-tennis","status":"publish","type":"post","link":"https:\/\/www.centrodeportivocortijoalto.com\/en\/is-rafa-nadal-going-to-quit-tennis\/","title":{"rendered":"Is Rafa Nadal going to quit tennis?"},"content":{"rendered":"<p><strong>Rafa Nadal recently gave an interview for Movistar +<\/strong>\u00a0in which he has raised alarm among his fans. The winner of 22 Grand Slams has discussed some topics such as his injury, his future and&#8230; Real Madrid! Do you want to know more, read on!<\/p>\n<h2>What has Rafa Nadal had surgery on?<\/h2>\n<p>Rafa Nadal underwent hip surgery on 2 June. As he says, since he broke his rib playing with Carlos Alcaraz, he hadn&#8217;t had the chance to rest and take a break until now.<\/p>\n<p>And although the decision to have the operation had been thought through and well thought out at the time for fear of the post-operative period, the months following the operation have helped Nadal to disconnect and spend time with his family.\u00a0<strong>&#8220;I&#8217;ve enjoyed it. Now I have returned to work very recently,&#8221;<\/strong>\u00a0says the tennis player.<\/p>\n<p>In addition, Rafa Nadal has a sore foot that causes him pain. However, as he says, it is a controlled pain but he does not live without pain.<\/p>\n<p><strong>&#8220;There are times when it&#8217;s hard for me to go down the stairs at home. When that happens, which it does, it&#8217;s hard to be happy,&#8221;<\/strong>\u00a0Rafa says emphatically.<\/p>\n<h2>Will Rafa Nadal play tennis again?<\/h2>\n<p>Rafa Nadal, as he comments to Juanma Casta\u00f1o in the interview, is fully aware of the difficulties he is facing: the physical problems we mentioned earlier and his age.<\/p>\n<p>However, the tennis player says:\u00a0<strong>&#8220;I would like to play again, I have that illusion and be competitive. The illusion is not to return and win Roland Garros or Australia, that people do not get confused, at the time in which I am in my life is far away. Although I&#8217;m not saying it&#8217;s impossible&#8221;.<\/strong><\/p>\n<p>So everything points to the fact that we will be able to enjoy Nadal&#8217;s game again, although we don&#8217;t know on what stage and when. Time and his recovery process will determine the answer.<\/p>\n<h2>Will 2024 be Rafa Nadal&#8217;s last year?<\/h2>\n<p>The tennis player had already commented on occasion that 2024 would be his last year. And currently,\u00a0<strong>he says that there is a good chance that it will be due to the state of his body.<\/strong><\/p>\n<p>However, Nadal is looking forward to having the clarity to know, in two months, where and how he is, especially in terms of injury, to see what route to take. Rafa undoubtedly leaves us with an open range of possibilities that will be resolved depending on his recovery.<\/p>\n<ul>\n<li><em>You might be interested in:\u00a0<a href=\"https:\/\/www.centrodeportivocortijoalto.com\/en\/which-tennis-player-has-the-most-grand-slams\/\">&#8220;Which tennis player has the most Grand Slams?<\/a>&#8220;<\/em><\/li>\n<\/ul>\n<h2>Will Rafa Nadal be Real Madrid&#8217;s new coach?<\/h2>\n<p><strong>&#8220;To be president of Real Madrid? It&#8217;s not in my dreams; now, I think I would like it,&#8221;<\/strong>\u00a0says Nadal.\u00a0<strong>&#8220;Life takes many turns, and you have to know whether or not you are capable of doing what kind of things. I am quite realistic with myself, I know what my limitations are and I don&#8217;t know if I would be capable or not. Time will tell&#8221;.<\/strong><br \/>\nWould you like to see Rafa Nadal in a new role as a coach? We would love to!<\/p>\n<h2>Tennis lessons in Malaga<\/h2>\n<p>Are you thinking of signing up for<strong>\u00a0tennis lessons in Malaga?<\/strong>\u00a0Enjoy the 2023\/2024 course at the best\u00a0<a href=\"https:\/\/www.centrodeportivocortijoalto.com\/en\/services\/tennis-school\/\">tennis school<\/a>\u00a0in Malaga!\u00a0<a href=\"https:\/\/www.centrodeportivocortijoalto.com\/en\/contacto\/\">Contact us<\/a>\u00a0and ask for information without obligation.<\/p>\n","protected":false},"excerpt":{"rendered":"<p>Rafa Nadal recently gave an interview for Movistar +\u00a0in which he has raised alarm among his fans. The winner of 22 Grand Slams has discussed some topics such as his injury, his future and&#8230; Real Madrid! Do you want to<a class=\"btn btn-featured-news\" href=\"https:\/\/www.centrodeportivocortijoalto.com\/en\/is-rafa-nadal-going-to-quit-tennis\/\">Read more<\/a><\/p>\n","protected":false},"author":561,"featured_media":10587,"comment_status":"open","ping_status":"closed","sticky":false,"template":"","format":"standard","meta":{"_acf_changed":false,"footnotes":""},"categories":[168],"tags":[169,178],"class_list":["post-10589","post","type-post","status-publish","format-standard","has-post-thumbnail","hentry","category-tennis","tag-tennis-curiosities","tag-tennis-player"],"acf":[],"yoast_head":"<!-- This site is optimized with the Yoast SEO plugin v27.4 - https:\/\/yoast.com\/product\/yoast-seo-wordpress\/ -->\n<title>Is Rafa Nadal going to quit tennis? - Centro deportivo cortijo alto M\u00e1laga<\/title>\n<meta name=\"robots\" content=\"index, follow, max-snippet:-1, max-image-preview:large, max-video-preview:-1\" \/>\n<link rel=\"canonical\" href=\"https:\/\/www.centrodeportivocortijoalto.com\/rafa-nadal-va-a-dejar-el-tenis\/\" \/>\n<meta property=\"og:locale\" content=\"en_US\" \/>\n<meta property=\"og:type\" content=\"article\" \/>\n<meta property=\"og:title\" content=\"Is Rafa Nadal going to quit tennis? - Centro deportivo cortijo alto M\u00e1laga\" \/>\n<meta property=\"og:description\" content=\"Rafa Nadal recently gave an interview for Movistar +\u00a0in which he has raised alarm among his fans. The winner of 22 Grand Slams has discussed some topics such as his injury, his future and&#8230; Real Madrid! Do you want toRead more\" \/>\n<meta property=\"og:url\" content=\"https:\/\/www.centrodeportivocortijoalto.com\/rafa-nadal-va-a-dejar-el-tenis\/\" \/>\n<meta property=\"og:site_name\" content=\"Centro deportivo cortijo alto M\u00e1laga\" \/>\n<meta property=\"article:publisher\" content=\"https:\/\/www.facebook.com\/tenisypadelcortijoalto\/?locale=es_ES\" \/>\n<meta property=\"article:published_time\" content=\"2023-09-20T07:06:38+00:00\" \/>\n<meta property=\"og:image\" content=\"https:\/\/www.centrodeportivocortijoalto.com\/wp-content\/uploads\/2023\/09\/rafa-nadal-deja-el-tenis.jpg\" \/>\n\t<meta property=\"og:image:width\" content=\"1200\" \/>\n\t<meta property=\"og:image:height\" content=\"600\" \/>\n\t<meta property=\"og:image:type\" content=\"image\/jpeg\" \/>\n<meta name=\"author\" content=\"Laura Cortijo Alto\" \/>\n<meta name=\"twitter:card\" content=\"summary_large_image\" \/>\n<meta name=\"twitter:label1\" content=\"Written by\" \/>\n\t<meta name=\"twitter:data1\" content=\"Laura Cortijo Alto\" \/>\n\t<meta name=\"twitter:label2\" content=\"Est. reading time\" \/>\n\t<meta name=\"twitter:data2\" content=\"3 minutes\" \/>\n<script type=\"application\/ld+json\" class=\"yoast-schema-graph\">{\"@context\":\"https:\\\/\\\/schema.org\",\"@graph\":[{\"@type\":\"Article\",\"@id\":\"https:\\\/\\\/www.centrodeportivocortijoalto.com\\\/rafa-nadal-va-a-dejar-el-tenis\\\/#article\",\"isPartOf\":{\"@id\":\"https:\\\/\\\/www.centrodeportivocortijoalto.com\\\/rafa-nadal-va-a-dejar-el-tenis\\\/\"},\"author\":{\"name\":\"Laura Cortijo Alto\",\"@id\":\"https:\\\/\\\/www.centrodeportivocortijoalto.com\\\/#\\\/schema\\\/person\\\/0e4fc5c029cf1cfd64cc8a9ca5c7a52a\"},\"headline\":\"Is Rafa Nadal going to quit tennis?\",\"datePublished\":\"2023-09-20T07:06:38+00:00\",\"mainEntityOfPage\":{\"@id\":\"https:\\\/\\\/www.centrodeportivocortijoalto.com\\\/rafa-nadal-va-a-dejar-el-tenis\\\/\"},\"wordCount\":567,\"commentCount\":0,\"publisher\":{\"@id\":\"https:\\\/\\\/www.centrodeportivocortijoalto.com\\\/#organization\"},\"image\":{\"@id\":\"https:\\\/\\\/www.centrodeportivocortijoalto.com\\\/rafa-nadal-va-a-dejar-el-tenis\\\/#primaryimage\"},\"thumbnailUrl\":\"https:\\\/\\\/www.centrodeportivocortijoalto.com\\\/wp-content\\\/uploads\\\/2023\\\/09\\\/rafa-nadal-deja-el-tenis.jpg\",\"keywords\":[\"tennis curiosities\",\"tennis player\"],\"articleSection\":[\"Tennis\"],\"inLanguage\":\"en-US\",\"potentialAction\":[{\"@type\":\"CommentAction\",\"name\":\"Comment\",\"target\":[\"https:\\\/\\\/www.centrodeportivocortijoalto.com\\\/rafa-nadal-va-a-dejar-el-tenis\\\/#respond\"]}]},{\"@type\":\"WebPage\",\"@id\":\"https:\\\/\\\/www.centrodeportivocortijoalto.com\\\/rafa-nadal-va-a-dejar-el-tenis\\\/\",\"url\":\"https:\\\/\\\/www.centrodeportivocortijoalto.com\\\/rafa-nadal-va-a-dejar-el-tenis\\\/\",\"name\":\"Is Rafa Nadal going to quit tennis? - Centro deportivo cortijo alto M\u00e1laga\",\"isPartOf\":{\"@id\":\"https:\\\/\\\/www.centrodeportivocortijoalto.com\\\/#website\"},\"primaryImageOfPage\":{\"@id\":\"https:\\\/\\\/www.centrodeportivocortijoalto.com\\\/rafa-nadal-va-a-dejar-el-tenis\\\/#primaryimage\"},\"image\":{\"@id\":\"https:\\\/\\\/www.centrodeportivocortijoalto.com\\\/rafa-nadal-va-a-dejar-el-tenis\\\/#primaryimage\"},\"thumbnailUrl\":\"https:\\\/\\\/www.centrodeportivocortijoalto.com\\\/wp-content\\\/uploads\\\/2023\\\/09\\\/rafa-nadal-deja-el-tenis.jpg\",\"datePublished\":\"2023-09-20T07:06:38+00:00\",\"breadcrumb\":{\"@id\":\"https:\\\/\\\/www.centrodeportivocortijoalto.com\\\/rafa-nadal-va-a-dejar-el-tenis\\\/#breadcrumb\"},\"inLanguage\":\"en-US\",\"potentialAction\":[{\"@type\":\"ReadAction\",\"target\":[\"https:\\\/\\\/www.centrodeportivocortijoalto.com\\\/rafa-nadal-va-a-dejar-el-tenis\\\/\"]}]},{\"@type\":\"ImageObject\",\"inLanguage\":\"en-US\",\"@id\":\"https:\\\/\\\/www.centrodeportivocortijoalto.com\\\/rafa-nadal-va-a-dejar-el-tenis\\\/#primaryimage\",\"url\":\"https:\\\/\\\/www.centrodeportivocortijoalto.com\\\/wp-content\\\/uploads\\\/2023\\\/09\\\/rafa-nadal-deja-el-tenis.jpg\",\"contentUrl\":\"https:\\\/\\\/www.centrodeportivocortijoalto.com\\\/wp-content\\\/uploads\\\/2023\\\/09\\\/rafa-nadal-deja-el-tenis.jpg\",\"width\":1200,\"height\":600,\"caption\":\"mejores tenistas\"},{\"@type\":\"BreadcrumbList\",\"@id\":\"https:\\\/\\\/www.centrodeportivocortijoalto.com\\\/rafa-nadal-va-a-dejar-el-tenis\\\/#breadcrumb\",\"itemListElement\":[{\"@type\":\"ListItem\",\"position\":1,\"name\":\"Portada\",\"item\":\"https:\\\/\\\/www.centrodeportivocortijoalto.com\\\/\"},{\"@type\":\"ListItem\",\"position\":2,\"name\":\"Is Rafa Nadal going to quit tennis?\"}]},{\"@type\":\"WebSite\",\"@id\":\"https:\\\/\\\/www.centrodeportivocortijoalto.com\\\/#website\",\"url\":\"https:\\\/\\\/www.centrodeportivocortijoalto.com\\\/\",\"name\":\"Centro Deportivo Cortijo Alto\",\"description\":\"Cortijo Alto, Centro especializado en la ense\u00f1anza del tenis en M\u00e1laga, Podr\u00e1s apuntar a la escuela, alquilar pistas de tenis, de p\u00e1del y clases de entrenamiento funcional al aire libre.\",\"publisher\":{\"@id\":\"https:\\\/\\\/www.centrodeportivocortijoalto.com\\\/#organization\"},\"potentialAction\":[{\"@type\":\"SearchAction\",\"target\":{\"@type\":\"EntryPoint\",\"urlTemplate\":\"https:\\\/\\\/www.centrodeportivocortijoalto.com\\\/?s={search_term_string}\"},\"query-input\":{\"@type\":\"PropertyValueSpecification\",\"valueRequired\":true,\"valueName\":\"search_term_string\"}}],\"inLanguage\":\"en-US\"},{\"@type\":\"Organization\",\"@id\":\"https:\\\/\\\/www.centrodeportivocortijoalto.com\\\/#organization\",\"name\":\"Centro Deportivo Cortijo Alto\",\"url\":\"https:\\\/\\\/www.centrodeportivocortijoalto.com\\\/\",\"logo\":{\"@type\":\"ImageObject\",\"inLanguage\":\"en-US\",\"@id\":\"https:\\\/\\\/www.centrodeportivocortijoalto.com\\\/#\\\/schema\\\/logo\\\/image\\\/\",\"url\":\"https:\\\/\\\/www.centrodeportivocortijoalto.com\\\/wp-content\\\/uploads\\\/2023\\\/01\\\/Logotipo-escuela-de-tenis-para-NUEVOS-carteles.jpg\",\"contentUrl\":\"https:\\\/\\\/www.centrodeportivocortijoalto.com\\\/wp-content\\\/uploads\\\/2023\\\/01\\\/Logotipo-escuela-de-tenis-para-NUEVOS-carteles.jpg\",\"width\":958,\"height\":1024,\"caption\":\"Centro Deportivo Cortijo Alto\"},\"image\":{\"@id\":\"https:\\\/\\\/www.centrodeportivocortijoalto.com\\\/#\\\/schema\\\/logo\\\/image\\\/\"},\"sameAs\":[\"https:\\\/\\\/www.facebook.com\\\/tenisypadelcortijoalto\\\/?locale=es_ES\",\"https:\\\/\\\/www.instagram.com\\\/teniscortijoalto\\\/?hl=es\"]},{\"@type\":\"Person\",\"@id\":\"https:\\\/\\\/www.centrodeportivocortijoalto.com\\\/#\\\/schema\\\/person\\\/0e4fc5c029cf1cfd64cc8a9ca5c7a52a\",\"name\":\"Laura Cortijo Alto\",\"image\":{\"@type\":\"ImageObject\",\"inLanguage\":\"en-US\",\"@id\":\"https:\\\/\\\/secure.gravatar.com\\\/avatar\\\/ca75b19501699d5b194425177c289dea3c2badf4431977c0158ba2a5ea4a2a19?s=96&d=mm&r=g\",\"url\":\"https:\\\/\\\/secure.gravatar.com\\\/avatar\\\/ca75b19501699d5b194425177c289dea3c2badf4431977c0158ba2a5ea4a2a19?s=96&d=mm&r=g\",\"contentUrl\":\"https:\\\/\\\/secure.gravatar.com\\\/avatar\\\/ca75b19501699d5b194425177c289dea3c2badf4431977c0158ba2a5ea4a2a19?s=96&d=mm&r=g\",\"caption\":\"Laura Cortijo Alto\"},\"url\":\"https:\\\/\\\/www.centrodeportivocortijoalto.com\\\/en\\\/author\\\/adminmadeinmedia\\\/\"}]}<\/script>\n<!-- \/ Yoast SEO plugin. -->","yoast_head_json":{"title":"Is Rafa Nadal going to quit tennis? - Centro deportivo cortijo alto M\u00e1laga","robots":{"index":"index","follow":"follow","max-snippet":"max-snippet:-1","max-image-preview":"max-image-preview:large","max-video-preview":"max-video-preview:-1"},"canonical":"https:\/\/www.centrodeportivocortijoalto.com\/rafa-nadal-va-a-dejar-el-tenis\/","og_locale":"en_US","og_type":"article","og_title":"Is Rafa Nadal going to quit tennis? - Centro deportivo cortijo alto M\u00e1laga","og_description":"Rafa Nadal recently gave an interview for Movistar +\u00a0in which he has raised alarm among his fans. The winner of 22 Grand Slams has discussed some topics such as his injury, his future and&#8230; Real Madrid! Do you want toRead more","og_url":"https:\/\/www.centrodeportivocortijoalto.com\/rafa-nadal-va-a-dejar-el-tenis\/","og_site_name":"Centro deportivo cortijo alto M\u00e1laga","article_publisher":"https:\/\/www.facebook.com\/tenisypadelcortijoalto\/?locale=es_ES","article_published_time":"2023-09-20T07:06:38+00:00","og_image":[{"width":1200,"height":600,"url":"https:\/\/www.centrodeportivocortijoalto.com\/wp-content\/uploads\/2023\/09\/rafa-nadal-deja-el-tenis.jpg","type":"image\/jpeg"}],"author":"Laura Cortijo Alto","twitter_card":"summary_large_image","twitter_misc":{"Written by":"Laura Cortijo Alto","Est. reading time":"3 minutes"},"schema":{"@context":"https:\/\/schema.org","@graph":[{"@type":"Article","@id":"https:\/\/www.centrodeportivocortijoalto.com\/rafa-nadal-va-a-dejar-el-tenis\/#article","isPartOf":{"@id":"https:\/\/www.centrodeportivocortijoalto.com\/rafa-nadal-va-a-dejar-el-tenis\/"},"author":{"name":"Laura Cortijo Alto","@id":"https:\/\/www.centrodeportivocortijoalto.com\/#\/schema\/person\/0e4fc5c029cf1cfd64cc8a9ca5c7a52a"},"headline":"Is Rafa Nadal going to quit tennis?","datePublished":"2023-09-20T07:06:38+00:00","mainEntityOfPage":{"@id":"https:\/\/www.centrodeportivocortijoalto.com\/rafa-nadal-va-a-dejar-el-tenis\/"},"wordCount":567,"commentCount":0,"publisher":{"@id":"https:\/\/www.centrodeportivocortijoalto.com\/#organization"},"image":{"@id":"https:\/\/www.centrodeportivocortijoalto.com\/rafa-nadal-va-a-dejar-el-tenis\/#primaryimage"},"thumbnailUrl":"https:\/\/www.centrodeportivocortijoalto.com\/wp-content\/uploads\/2023\/09\/rafa-nadal-deja-el-tenis.jpg","keywords":["tennis curiosities","tennis player"],"articleSection":["Tennis"],"inLanguage":"en-US","potentialAction":[{"@type":"CommentAction","name":"Comment","target":["https:\/\/www.centrodeportivocortijoalto.com\/rafa-nadal-va-a-dejar-el-tenis\/#respond"]}]},{"@type":"WebPage","@id":"https:\/\/www.centrodeportivocortijoalto.com\/rafa-nadal-va-a-dejar-el-tenis\/","url":"https:\/\/www.centrodeportivocortijoalto.com\/rafa-nadal-va-a-dejar-el-tenis\/","name":"Is Rafa Nadal going to quit tennis? - Centro deportivo cortijo alto M\u00e1laga","isPartOf":{"@id":"https:\/\/www.centrodeportivocortijoalto.com\/#website"},"primaryImageOfPage":{"@id":"https:\/\/www.centrodeportivocortijoalto.com\/rafa-nadal-va-a-dejar-el-tenis\/#primaryimage"},"image":{"@id":"https:\/\/www.centrodeportivocortijoalto.com\/rafa-nadal-va-a-dejar-el-tenis\/#primaryimage"},"thumbnailUrl":"https:\/\/www.centrodeportivocortijoalto.com\/wp-content\/uploads\/2023\/09\/rafa-nadal-deja-el-tenis.jpg","datePublished":"2023-09-20T07:06:38+00:00","breadcrumb":{"@id":"https:\/\/www.centrodeportivocortijoalto.com\/rafa-nadal-va-a-dejar-el-tenis\/#breadcrumb"},"inLanguage":"en-US","potentialAction":[{"@type":"ReadAction","target":["https:\/\/www.centrodeportivocortijoalto.com\/rafa-nadal-va-a-dejar-el-tenis\/"]}]},{"@type":"ImageObject","inLanguage":"en-US","@id":"https:\/\/www.centrodeportivocortijoalto.com\/rafa-nadal-va-a-dejar-el-tenis\/#primaryimage","url":"https:\/\/www.centrodeportivocortijoalto.com\/wp-content\/uploads\/2023\/09\/rafa-nadal-deja-el-tenis.jpg","contentUrl":"https:\/\/www.centrodeportivocortijoalto.com\/wp-content\/uploads\/2023\/09\/rafa-nadal-deja-el-tenis.jpg","width":1200,"height":600,"caption":"mejores tenistas"},{"@type":"BreadcrumbList","@id":"https:\/\/www.centrodeportivocortijoalto.com\/rafa-nadal-va-a-dejar-el-tenis\/#breadcrumb","itemListElement":[{"@type":"ListItem","position":1,"name":"Portada","item":"https:\/\/www.centrodeportivocortijoalto.com\/"},{"@type":"ListItem","position":2,"name":"Is Rafa Nadal going to quit tennis?"}]},{"@type":"WebSite","@id":"https:\/\/www.centrodeportivocortijoalto.com\/#website","url":"https:\/\/www.centrodeportivocortijoalto.com\/","name":"Centro Deportivo Cortijo Alto","description":"Cortijo Alto, Centro especializado en la ense\u00f1anza del tenis en M\u00e1laga, Podr\u00e1s apuntar a la escuela, alquilar pistas de tenis, de p\u00e1del y clases de entrenamiento funcional al aire libre.","publisher":{"@id":"https:\/\/www.centrodeportivocortijoalto.com\/#organization"},"potentialAction":[{"@type":"SearchAction","target":{"@type":"EntryPoint","urlTemplate":"https:\/\/www.centrodeportivocortijoalto.com\/?s={search_term_string}"},"query-input":{"@type":"PropertyValueSpecification","valueRequired":true,"valueName":"search_term_string"}}],"inLanguage":"en-US"},{"@type":"Organization","@id":"https:\/\/www.centrodeportivocortijoalto.com\/#organization","name":"Centro Deportivo Cortijo Alto","url":"https:\/\/www.centrodeportivocortijoalto.com\/","logo":{"@type":"ImageObject","inLanguage":"en-US","@id":"https:\/\/www.centrodeportivocortijoalto.com\/#\/schema\/logo\/image\/","url":"https:\/\/www.centrodeportivocortijoalto.com\/wp-content\/uploads\/2023\/01\/Logotipo-escuela-de-tenis-para-NUEVOS-carteles.jpg","contentUrl":"https:\/\/www.centrodeportivocortijoalto.com\/wp-content\/uploads\/2023\/01\/Logotipo-escuela-de-tenis-para-NUEVOS-carteles.jpg","width":958,"height":1024,"caption":"Centro Deportivo Cortijo Alto"},"image":{"@id":"https:\/\/www.centrodeportivocortijoalto.com\/#\/schema\/logo\/image\/"},"sameAs":["https:\/\/www.facebook.com\/tenisypadelcortijoalto\/?locale=es_ES","https:\/\/www.instagram.com\/teniscortijoalto\/?hl=es"]},{"@type":"Person","@id":"https:\/\/www.centrodeportivocortijoalto.com\/#\/schema\/person\/0e4fc5c029cf1cfd64cc8a9ca5c7a52a","name":"Laura Cortijo Alto","image":{"@type":"ImageObject","inLanguage":"en-US","@id":"https:\/\/secure.gravatar.com\/avatar\/ca75b19501699d5b194425177c289dea3c2badf4431977c0158ba2a5ea4a2a19?s=96&d=mm&r=g","url":"https:\/\/secure.gravatar.com\/avatar\/ca75b19501699d5b194425177c289dea3c2badf4431977c0158ba2a5ea4a2a19?s=96&d=mm&r=g","contentUrl":"https:\/\/secure.gravatar.com\/avatar\/ca75b19501699d5b194425177c289dea3c2badf4431977c0158ba2a5ea4a2a19?s=96&d=mm&r=g","caption":"Laura Cortijo Alto"},"url":"https:\/\/www.centrodeportivocortijoalto.com\/en\/author\/adminmadeinmedia\/"}]}},"_links":{"self":[{"href":"https:\/\/www.centrodeportivocortijoalto.com\/en\/wp-json\/wp\/v2\/posts\/10589","targetHints":{"allow":["GET"]}}],"collection":[{"href":"https:\/\/www.centrodeportivocortijoalto.com\/en\/wp-json\/wp\/v2\/posts"}],"about":[{"href":"https:\/\/www.centrodeportivocortijoalto.com\/en\/wp-json\/wp\/v2\/types\/post"}],"author":[{"embeddable":true,"href":"https:\/\/www.centrodeportivocortijoalto.com\/en\/wp-json\/wp\/v2\/users\/561"}],"replies":[{"embeddable":true,"href":"https:\/\/www.centrodeportivocortijoalto.com\/en\/wp-json\/wp\/v2\/comments?post=10589"}],"version-history":[{"count":1,"href":"https:\/\/www.centrodeportivocortijoalto.com\/en\/wp-json\/wp\/v2\/posts\/10589\/revisions"}],"predecessor-version":[{"id":10590,"href":"https:\/\/www.centrodeportivocortijoalto.com\/en\/wp-json\/wp\/v2\/posts\/10589\/revisions\/10590"}],"wp:featuredmedia":[{"embeddable":true,"href":"https:\/\/www.centrodeportivocortijoalto.com\/en\/wp-json\/wp\/v2\/media\/10587"}],"wp:attachment":[{"href":"https:\/\/www.centrodeportivocortijoalto.com\/en\/wp-json\/wp\/v2\/media?parent=10589"}],"wp:term":[{"taxonomy":"category","embeddable":true,"href":"https:\/\/www.centrodeportivocortijoalto.com\/en\/wp-json\/wp\/v2\/categories?post=10589"},{"taxonomy":"post_tag","embeddable":true,"href":"https:\/\/www.centrodeportivocortijoalto.com\/en\/wp-json\/wp\/v2\/tags?post=10589"}],"curies":[{"name":"wp","href":"https:\/\/api.w.org\/{rel}","templated":true}]}}