{"id":11211,"date":"2025-02-20T09:16:11","date_gmt":"2025-02-20T09:16:11","guid":{"rendered":"https:\/\/centrodeportivocortijoalto.com\/?p=11211"},"modified":"2025-02-20T09:16:24","modified_gmt":"2025-02-20T09:16:24","slug":"happy-andalusian-day-28th-february","status":"publish","type":"post","link":"https:\/\/www.centrodeportivocortijoalto.com\/en\/happy-andalusian-day-28th-february\/","title":{"rendered":"Happy Andalusian Day, 28th February!"},"content":{"rendered":"<p>On February 28th, coinciding with Andalusia Day, we are organizing a special event at the Cortijo Alto Sports Center for all lovers of <a href=\"https:\/\/www.centrodeportivocortijoalto.com\/en\">tennis in M\u00e1laga<\/a>: a <strong>Convivencia Day<\/strong>.<\/p>\n<p>This format, designed to <strong>promote team competition<\/strong> in a relaxed and social atmosphere, is the perfect occasion to enjoy this sport in a festive and unique setting.<\/p>\n<p>Discover everything that awaits you on this memorable day and why you should take part.<\/p>\n<h2>What is a Convivencia and why should you attend?<\/h2>\n<p>For tennis enthusiasts, sharing the experience with other players is essential. The Convivencia is an event created precisely for this: to compete, improve your level, and at the same time, enjoy a <strong>special day surrounded by teammates and friends<\/strong>.<\/p>\n<p>During this day, participants will play <strong>three matches against opponents of their level<\/strong>, ensuring balanced and exciting encounters.<\/p>\n<p>But it&#8217;s not all about competition: there will also be moments to <strong>share meals, socialize on the courts, and relax<\/strong> between matches.<\/p>\n<p>The atmosphere will be completely exclusive, as <strong>our facilities will be reserved solely for the Convivencia attendees.<\/strong><\/p>\n<p>It doesn\u2019t matter if you\u2019re an <strong>adult, teenager, or child<\/strong>, as this great <strong>tennis event in M\u00e1laga<\/strong> is open to everyone.<\/p>\n<h2>An Andalusia Day full of tennis and fun<\/h2>\n<p>Andalusia Day is a special occasion to celebrate our region, and what better way to do it than by practicing <strong>sports in an unbeatable environment<\/strong>?<\/p>\n<p>At the Cortijo Alto Sports Center, we have prepared a day that perfectly combines <strong>competition, camaraderie, and entertainment<\/strong>.<\/p>\n<h3>Three competitive matches for all levels<\/h3>\n<p>One of the main attractions of the Convivencia is that <strong>all players compete against rivals of their level<\/strong>.<\/p>\n<p>This means that, regardless of your experience, you will find challenging and balanced matches that will allow you to enjoy tennis to the fullest.<\/p>\n<p>The format is designed so that you play <strong>three matches throughout the day<\/strong>, ensuring a complete experience without being exhausting.<\/p>\n<p>It\u2019s the perfect opportunity to <strong>test your game<\/strong>, improve your strategy, and most importantly, have fun on the court.<\/p>\n<h3>Exclusive atmosphere and camaraderie with teammates<\/h3>\n<p>Beyond the competition, the Convivencia is characterized by its <strong>friendly and social atmosphere<\/strong>.<\/p>\n<p>During the breaks between matches, you\u2019ll have the chance to spend time with your training partners, share experiences, and enjoy a relaxed setting.<\/p>\n<p>As mentioned before, our facilities will be reserved exclusively for event attendees, ensuring an <strong>ideal atmosphere to enjoy tennis without interruptions<\/strong>.<\/p>\n<h2>Reasons to participate in the Convivencia on February 28th<\/h2>\n<p>If you\u2019re still wondering <strong>why you should join this event<\/strong>, here are some compelling reasons:<\/p>\n<ul>\n<li>You will take part in three competitive and balanced matches, <strong>adapted to your level<\/strong>.<\/li>\n<li>You will enjoy an exclusive environment with <strong>players who share your passion<\/strong> for tennis.<\/li>\n<li>You will be able to relax between matches, share meals, and <strong>socialize with training partners<\/strong>.<\/li>\n<li>Our facilities will be reserved only for participants, ensuring an exceptional day.<\/li>\n<li>It\u2019s an <strong>ideal way to celebrate Andalusia Day<\/strong> by practicing sports and having a great time.<\/li>\n<\/ul>\n<h2>How to sign up for the Convivencia at Cortijo Alto Sports Center<\/h2>\n<p>If you have already decided to participate in this <strong>tennis event in M\u00e1laga<\/strong>, the registration process is very simple. Contact us at the Cortijo Alto Sports Center and <strong>book your spot as soon as possible<\/strong>, as places are limited.<\/p>\n<p>Don\u2019t miss this opportunity to experience a unique day on February 28th. Celebrate Andalusia Day in the best possible way: playing tennis, competing with friends, and <strong>enjoying an unbeatable atmosphere<\/strong> at our facilities.<\/p>\n","protected":false},"excerpt":{"rendered":"<p>On February 28th, coinciding with Andalusia Day, we are organizing a special event at the Cortijo Alto Sports Center for all lovers of tennis in M\u00e1laga: a Convivencia Day. This format, designed to promote team competition in a relaxed and<a class=\"btn btn-featured-news\" href=\"https:\/\/www.centrodeportivocortijoalto.com\/en\/happy-andalusian-day-28th-february\/\">Read more<\/a><\/p>\n","protected":false},"author":561,"featured_media":11209,"comment_status":"closed","ping_status":"closed","sticky":false,"template":"","format":"standard","meta":{"_acf_changed":false,"footnotes":""},"categories":[152],"tags":[243,150],"class_list":["post-11211","post","type-post","status-publish","format-standard","has-post-thumbnail","hentry","category-cortijo-alto-tennis","tag-tennis-cortijo-alto","tag-tennis-malaga"],"acf":[],"yoast_head":"<!-- This site is optimized with the Yoast SEO plugin v27.4 - https:\/\/yoast.com\/product\/yoast-seo-wordpress\/ -->\n<title>Happy Andalusian Day, 28th February! - Centro deportivo cortijo alto M\u00e1laga<\/title>\n<meta name=\"robots\" content=\"index, follow, max-snippet:-1, max-image-preview:large, max-video-preview:-1\" \/>\n<link rel=\"canonical\" href=\"https:\/\/www.centrodeportivocortijoalto.com\/en\/happy-andalusian-day-28th-february\/\" \/>\n<meta property=\"og:locale\" content=\"en_US\" \/>\n<meta property=\"og:type\" content=\"article\" \/>\n<meta property=\"og:title\" content=\"Happy Andalusian Day, 28th February! - Centro deportivo cortijo alto M\u00e1laga\" \/>\n<meta property=\"og:description\" content=\"On February 28th, coinciding with Andalusia Day, we are organizing a special event at the Cortijo Alto Sports Center for all lovers of tennis in M\u00e1laga: a Convivencia Day. This format, designed to promote team competition in a relaxed andRead more\" \/>\n<meta property=\"og:url\" content=\"https:\/\/www.centrodeportivocortijoalto.com\/en\/happy-andalusian-day-28th-february\/\" \/>\n<meta property=\"og:site_name\" content=\"Centro deportivo cortijo alto M\u00e1laga\" \/>\n<meta property=\"article:publisher\" content=\"https:\/\/www.facebook.com\/tenisypadelcortijoalto\/?locale=es_ES\" \/>\n<meta property=\"article:published_time\" content=\"2025-02-20T09:16:11+00:00\" \/>\n<meta property=\"article:modified_time\" content=\"2025-02-20T09:16:24+00:00\" \/>\n<meta property=\"og:image\" content=\"https:\/\/www.centrodeportivocortijoalto.com\/wp-content\/uploads\/2025\/02\/convivencias-tenis-cotijo-alto-2025.png\" \/>\n\t<meta property=\"og:image:width\" content=\"1200\" \/>\n\t<meta property=\"og:image:height\" content=\"600\" \/>\n\t<meta property=\"og:image:type\" content=\"image\/png\" \/>\n<meta name=\"author\" content=\"Laura Cortijo Alto\" \/>\n<meta name=\"twitter:card\" content=\"summary_large_image\" \/>\n<meta name=\"twitter:label1\" content=\"Written by\" \/>\n\t<meta name=\"twitter:data1\" content=\"Laura Cortijo Alto\" \/>\n\t<meta name=\"twitter:label2\" content=\"Est. reading time\" \/>\n\t<meta name=\"twitter:data2\" content=\"3 minutes\" \/>\n<script type=\"application\/ld+json\" class=\"yoast-schema-graph\">{\"@context\":\"https:\\\/\\\/schema.org\",\"@graph\":[{\"@type\":\"Article\",\"@id\":\"https:\\\/\\\/www.centrodeportivocortijoalto.com\\\/en\\\/happy-andalusian-day-28th-february\\\/#article\",\"isPartOf\":{\"@id\":\"https:\\\/\\\/www.centrodeportivocortijoalto.com\\\/en\\\/happy-andalusian-day-28th-february\\\/\"},\"author\":{\"name\":\"Laura Cortijo Alto\",\"@id\":\"https:\\\/\\\/www.centrodeportivocortijoalto.com\\\/#\\\/schema\\\/person\\\/0e4fc5c029cf1cfd64cc8a9ca5c7a52a\"},\"headline\":\"Happy Andalusian Day, 28th February!\",\"datePublished\":\"2025-02-20T09:16:11+00:00\",\"dateModified\":\"2025-02-20T09:16:24+00:00\",\"mainEntityOfPage\":{\"@id\":\"https:\\\/\\\/www.centrodeportivocortijoalto.com\\\/en\\\/happy-andalusian-day-28th-february\\\/\"},\"wordCount\":593,\"publisher\":{\"@id\":\"https:\\\/\\\/www.centrodeportivocortijoalto.com\\\/#organization\"},\"image\":{\"@id\":\"https:\\\/\\\/www.centrodeportivocortijoalto.com\\\/en\\\/happy-andalusian-day-28th-february\\\/#primaryimage\"},\"thumbnailUrl\":\"https:\\\/\\\/www.centrodeportivocortijoalto.com\\\/wp-content\\\/uploads\\\/2025\\\/02\\\/convivencias-tenis-cotijo-alto-2025.png\",\"keywords\":[\"tennis cortijo alto\",\"tennis malaga\"],\"articleSection\":[\"Cortijo Alto Tennis\"],\"inLanguage\":\"en-US\"},{\"@type\":\"WebPage\",\"@id\":\"https:\\\/\\\/www.centrodeportivocortijoalto.com\\\/en\\\/happy-andalusian-day-28th-february\\\/\",\"url\":\"https:\\\/\\\/www.centrodeportivocortijoalto.com\\\/en\\\/happy-andalusian-day-28th-february\\\/\",\"name\":\"Happy Andalusian Day, 28th February! - Centro deportivo cortijo alto M\u00e1laga\",\"isPartOf\":{\"@id\":\"https:\\\/\\\/www.centrodeportivocortijoalto.com\\\/#website\"},\"primaryImageOfPage\":{\"@id\":\"https:\\\/\\\/www.centrodeportivocortijoalto.com\\\/en\\\/happy-andalusian-day-28th-february\\\/#primaryimage\"},\"image\":{\"@id\":\"https:\\\/\\\/www.centrodeportivocortijoalto.com\\\/en\\\/happy-andalusian-day-28th-february\\\/#primaryimage\"},\"thumbnailUrl\":\"https:\\\/\\\/www.centrodeportivocortijoalto.com\\\/wp-content\\\/uploads\\\/2025\\\/02\\\/convivencias-tenis-cotijo-alto-2025.png\",\"datePublished\":\"2025-02-20T09:16:11+00:00\",\"dateModified\":\"2025-02-20T09:16:24+00:00\",\"breadcrumb\":{\"@id\":\"https:\\\/\\\/www.centrodeportivocortijoalto.com\\\/en\\\/happy-andalusian-day-28th-february\\\/#breadcrumb\"},\"inLanguage\":\"en-US\",\"potentialAction\":[{\"@type\":\"ReadAction\",\"target\":[\"https:\\\/\\\/www.centrodeportivocortijoalto.com\\\/en\\\/happy-andalusian-day-28th-february\\\/\"]}]},{\"@type\":\"ImageObject\",\"inLanguage\":\"en-US\",\"@id\":\"https:\\\/\\\/www.centrodeportivocortijoalto.com\\\/en\\\/happy-andalusian-day-28th-february\\\/#primaryimage\",\"url\":\"https:\\\/\\\/www.centrodeportivocortijoalto.com\\\/wp-content\\\/uploads\\\/2025\\\/02\\\/convivencias-tenis-cotijo-alto-2025.png\",\"contentUrl\":\"https:\\\/\\\/www.centrodeportivocortijoalto.com\\\/wp-content\\\/uploads\\\/2025\\\/02\\\/convivencias-tenis-cotijo-alto-2025.png\",\"width\":1200,\"height\":600},{\"@type\":\"BreadcrumbList\",\"@id\":\"https:\\\/\\\/www.centrodeportivocortijoalto.com\\\/en\\\/happy-andalusian-day-28th-february\\\/#breadcrumb\",\"itemListElement\":[{\"@type\":\"ListItem\",\"position\":1,\"name\":\"Portada\",\"item\":\"https:\\\/\\\/www.centrodeportivocortijoalto.com\\\/\"},{\"@type\":\"ListItem\",\"position\":2,\"name\":\"Happy Andalusian Day, 28th February!\"}]},{\"@type\":\"WebSite\",\"@id\":\"https:\\\/\\\/www.centrodeportivocortijoalto.com\\\/#website\",\"url\":\"https:\\\/\\\/www.centrodeportivocortijoalto.com\\\/\",\"name\":\"Centro Deportivo Cortijo Alto\",\"description\":\"Cortijo Alto, Centro especializado en la ense\u00f1anza del tenis en M\u00e1laga, Podr\u00e1s apuntar a la escuela, alquilar pistas de tenis, de p\u00e1del y clases de entrenamiento funcional al aire libre.\",\"publisher\":{\"@id\":\"https:\\\/\\\/www.centrodeportivocortijoalto.com\\\/#organization\"},\"potentialAction\":[{\"@type\":\"SearchAction\",\"target\":{\"@type\":\"EntryPoint\",\"urlTemplate\":\"https:\\\/\\\/www.centrodeportivocortijoalto.com\\\/?s={search_term_string}\"},\"query-input\":{\"@type\":\"PropertyValueSpecification\",\"valueRequired\":true,\"valueName\":\"search_term_string\"}}],\"inLanguage\":\"en-US\"},{\"@type\":\"Organization\",\"@id\":\"https:\\\/\\\/www.centrodeportivocortijoalto.com\\\/#organization\",\"name\":\"Centro Deportivo Cortijo Alto\",\"url\":\"https:\\\/\\\/www.centrodeportivocortijoalto.com\\\/\",\"logo\":{\"@type\":\"ImageObject\",\"inLanguage\":\"en-US\",\"@id\":\"https:\\\/\\\/www.centrodeportivocortijoalto.com\\\/#\\\/schema\\\/logo\\\/image\\\/\",\"url\":\"https:\\\/\\\/www.centrodeportivocortijoalto.com\\\/wp-content\\\/uploads\\\/2023\\\/01\\\/Logotipo-escuela-de-tenis-para-NUEVOS-carteles.jpg\",\"contentUrl\":\"https:\\\/\\\/www.centrodeportivocortijoalto.com\\\/wp-content\\\/uploads\\\/2023\\\/01\\\/Logotipo-escuela-de-tenis-para-NUEVOS-carteles.jpg\",\"width\":958,\"height\":1024,\"caption\":\"Centro Deportivo Cortijo Alto\"},\"image\":{\"@id\":\"https:\\\/\\\/www.centrodeportivocortijoalto.com\\\/#\\\/schema\\\/logo\\\/image\\\/\"},\"sameAs\":[\"https:\\\/\\\/www.facebook.com\\\/tenisypadelcortijoalto\\\/?locale=es_ES\",\"https:\\\/\\\/www.instagram.com\\\/teniscortijoalto\\\/?hl=es\"]},{\"@type\":\"Person\",\"@id\":\"https:\\\/\\\/www.centrodeportivocortijoalto.com\\\/#\\\/schema\\\/person\\\/0e4fc5c029cf1cfd64cc8a9ca5c7a52a\",\"name\":\"Laura Cortijo Alto\",\"image\":{\"@type\":\"ImageObject\",\"inLanguage\":\"en-US\",\"@id\":\"https:\\\/\\\/secure.gravatar.com\\\/avatar\\\/ca75b19501699d5b194425177c289dea3c2badf4431977c0158ba2a5ea4a2a19?s=96&d=mm&r=g\",\"url\":\"https:\\\/\\\/secure.gravatar.com\\\/avatar\\\/ca75b19501699d5b194425177c289dea3c2badf4431977c0158ba2a5ea4a2a19?s=96&d=mm&r=g\",\"contentUrl\":\"https:\\\/\\\/secure.gravatar.com\\\/avatar\\\/ca75b19501699d5b194425177c289dea3c2badf4431977c0158ba2a5ea4a2a19?s=96&d=mm&r=g\",\"caption\":\"Laura Cortijo Alto\"},\"url\":\"https:\\\/\\\/www.centrodeportivocortijoalto.com\\\/en\\\/author\\\/adminmadeinmedia\\\/\"}]}<\/script>\n<!-- \/ Yoast SEO plugin. -->","yoast_head_json":{"title":"Happy Andalusian Day, 28th February! - Centro deportivo cortijo alto M\u00e1laga","robots":{"index":"index","follow":"follow","max-snippet":"max-snippet:-1","max-image-preview":"max-image-preview:large","max-video-preview":"max-video-preview:-1"},"canonical":"https:\/\/www.centrodeportivocortijoalto.com\/en\/happy-andalusian-day-28th-february\/","og_locale":"en_US","og_type":"article","og_title":"Happy Andalusian Day, 28th February! - Centro deportivo cortijo alto M\u00e1laga","og_description":"On February 28th, coinciding with Andalusia Day, we are organizing a special event at the Cortijo Alto Sports Center for all lovers of tennis in M\u00e1laga: a Convivencia Day. This format, designed to promote team competition in a relaxed andRead more","og_url":"https:\/\/www.centrodeportivocortijoalto.com\/en\/happy-andalusian-day-28th-february\/","og_site_name":"Centro deportivo cortijo alto M\u00e1laga","article_publisher":"https:\/\/www.facebook.com\/tenisypadelcortijoalto\/?locale=es_ES","article_published_time":"2025-02-20T09:16:11+00:00","article_modified_time":"2025-02-20T09:16:24+00:00","og_image":[{"width":1200,"height":600,"url":"https:\/\/www.centrodeportivocortijoalto.com\/wp-content\/uploads\/2025\/02\/convivencias-tenis-cotijo-alto-2025.png","type":"image\/png"}],"author":"Laura Cortijo Alto","twitter_card":"summary_large_image","twitter_misc":{"Written by":"Laura Cortijo Alto","Est. reading time":"3 minutes"},"schema":{"@context":"https:\/\/schema.org","@graph":[{"@type":"Article","@id":"https:\/\/www.centrodeportivocortijoalto.com\/en\/happy-andalusian-day-28th-february\/#article","isPartOf":{"@id":"https:\/\/www.centrodeportivocortijoalto.com\/en\/happy-andalusian-day-28th-february\/"},"author":{"name":"Laura Cortijo Alto","@id":"https:\/\/www.centrodeportivocortijoalto.com\/#\/schema\/person\/0e4fc5c029cf1cfd64cc8a9ca5c7a52a"},"headline":"Happy Andalusian Day, 28th February!","datePublished":"2025-02-20T09:16:11+00:00","dateModified":"2025-02-20T09:16:24+00:00","mainEntityOfPage":{"@id":"https:\/\/www.centrodeportivocortijoalto.com\/en\/happy-andalusian-day-28th-february\/"},"wordCount":593,"publisher":{"@id":"https:\/\/www.centrodeportivocortijoalto.com\/#organization"},"image":{"@id":"https:\/\/www.centrodeportivocortijoalto.com\/en\/happy-andalusian-day-28th-february\/#primaryimage"},"thumbnailUrl":"https:\/\/www.centrodeportivocortijoalto.com\/wp-content\/uploads\/2025\/02\/convivencias-tenis-cotijo-alto-2025.png","keywords":["tennis cortijo alto","tennis malaga"],"articleSection":["Cortijo Alto Tennis"],"inLanguage":"en-US"},{"@type":"WebPage","@id":"https:\/\/www.centrodeportivocortijoalto.com\/en\/happy-andalusian-day-28th-february\/","url":"https:\/\/www.centrodeportivocortijoalto.com\/en\/happy-andalusian-day-28th-february\/","name":"Happy Andalusian Day, 28th February! - Centro deportivo cortijo alto M\u00e1laga","isPartOf":{"@id":"https:\/\/www.centrodeportivocortijoalto.com\/#website"},"primaryImageOfPage":{"@id":"https:\/\/www.centrodeportivocortijoalto.com\/en\/happy-andalusian-day-28th-february\/#primaryimage"},"image":{"@id":"https:\/\/www.centrodeportivocortijoalto.com\/en\/happy-andalusian-day-28th-february\/#primaryimage"},"thumbnailUrl":"https:\/\/www.centrodeportivocortijoalto.com\/wp-content\/uploads\/2025\/02\/convivencias-tenis-cotijo-alto-2025.png","datePublished":"2025-02-20T09:16:11+00:00","dateModified":"2025-02-20T09:16:24+00:00","breadcrumb":{"@id":"https:\/\/www.centrodeportivocortijoalto.com\/en\/happy-andalusian-day-28th-february\/#breadcrumb"},"inLanguage":"en-US","potentialAction":[{"@type":"ReadAction","target":["https:\/\/www.centrodeportivocortijoalto.com\/en\/happy-andalusian-day-28th-february\/"]}]},{"@type":"ImageObject","inLanguage":"en-US","@id":"https:\/\/www.centrodeportivocortijoalto.com\/en\/happy-andalusian-day-28th-february\/#primaryimage","url":"https:\/\/www.centrodeportivocortijoalto.com\/wp-content\/uploads\/2025\/02\/convivencias-tenis-cotijo-alto-2025.png","contentUrl":"https:\/\/www.centrodeportivocortijoalto.com\/wp-content\/uploads\/2025\/02\/convivencias-tenis-cotijo-alto-2025.png","width":1200,"height":600},{"@type":"BreadcrumbList","@id":"https:\/\/www.centrodeportivocortijoalto.com\/en\/happy-andalusian-day-28th-february\/#breadcrumb","itemListElement":[{"@type":"ListItem","position":1,"name":"Portada","item":"https:\/\/www.centrodeportivocortijoalto.com\/"},{"@type":"ListItem","position":2,"name":"Happy Andalusian Day, 28th February!"}]},{"@type":"WebSite","@id":"https:\/\/www.centrodeportivocortijoalto.com\/#website","url":"https:\/\/www.centrodeportivocortijoalto.com\/","name":"Centro Deportivo Cortijo Alto","description":"Cortijo Alto, Centro especializado en la ense\u00f1anza del tenis en M\u00e1laga, Podr\u00e1s apuntar a la escuela, alquilar pistas de tenis, de p\u00e1del y clases de entrenamiento funcional al aire libre.","publisher":{"@id":"https:\/\/www.centrodeportivocortijoalto.com\/#organization"},"potentialAction":[{"@type":"SearchAction","target":{"@type":"EntryPoint","urlTemplate":"https:\/\/www.centrodeportivocortijoalto.com\/?s={search_term_string}"},"query-input":{"@type":"PropertyValueSpecification","valueRequired":true,"valueName":"search_term_string"}}],"inLanguage":"en-US"},{"@type":"Organization","@id":"https:\/\/www.centrodeportivocortijoalto.com\/#organization","name":"Centro Deportivo Cortijo Alto","url":"https:\/\/www.centrodeportivocortijoalto.com\/","logo":{"@type":"ImageObject","inLanguage":"en-US","@id":"https:\/\/www.centrodeportivocortijoalto.com\/#\/schema\/logo\/image\/","url":"https:\/\/www.centrodeportivocortijoalto.com\/wp-content\/uploads\/2023\/01\/Logotipo-escuela-de-tenis-para-NUEVOS-carteles.jpg","contentUrl":"https:\/\/www.centrodeportivocortijoalto.com\/wp-content\/uploads\/2023\/01\/Logotipo-escuela-de-tenis-para-NUEVOS-carteles.jpg","width":958,"height":1024,"caption":"Centro Deportivo Cortijo Alto"},"image":{"@id":"https:\/\/www.centrodeportivocortijoalto.com\/#\/schema\/logo\/image\/"},"sameAs":["https:\/\/www.facebook.com\/tenisypadelcortijoalto\/?locale=es_ES","https:\/\/www.instagram.com\/teniscortijoalto\/?hl=es"]},{"@type":"Person","@id":"https:\/\/www.centrodeportivocortijoalto.com\/#\/schema\/person\/0e4fc5c029cf1cfd64cc8a9ca5c7a52a","name":"Laura Cortijo Alto","image":{"@type":"ImageObject","inLanguage":"en-US","@id":"https:\/\/secure.gravatar.com\/avatar\/ca75b19501699d5b194425177c289dea3c2badf4431977c0158ba2a5ea4a2a19?s=96&d=mm&r=g","url":"https:\/\/secure.gravatar.com\/avatar\/ca75b19501699d5b194425177c289dea3c2badf4431977c0158ba2a5ea4a2a19?s=96&d=mm&r=g","contentUrl":"https:\/\/secure.gravatar.com\/avatar\/ca75b19501699d5b194425177c289dea3c2badf4431977c0158ba2a5ea4a2a19?s=96&d=mm&r=g","caption":"Laura Cortijo Alto"},"url":"https:\/\/www.centrodeportivocortijoalto.com\/en\/author\/adminmadeinmedia\/"}]}},"_links":{"self":[{"href":"https:\/\/www.centrodeportivocortijoalto.com\/en\/wp-json\/wp\/v2\/posts\/11211","targetHints":{"allow":["GET"]}}],"collection":[{"href":"https:\/\/www.centrodeportivocortijoalto.com\/en\/wp-json\/wp\/v2\/posts"}],"about":[{"href":"https:\/\/www.centrodeportivocortijoalto.com\/en\/wp-json\/wp\/v2\/types\/post"}],"author":[{"embeddable":true,"href":"https:\/\/www.centrodeportivocortijoalto.com\/en\/wp-json\/wp\/v2\/users\/561"}],"replies":[{"embeddable":true,"href":"https:\/\/www.centrodeportivocortijoalto.com\/en\/wp-json\/wp\/v2\/comments?post=11211"}],"version-history":[{"count":2,"href":"https:\/\/www.centrodeportivocortijoalto.com\/en\/wp-json\/wp\/v2\/posts\/11211\/revisions"}],"predecessor-version":[{"id":11213,"href":"https:\/\/www.centrodeportivocortijoalto.com\/en\/wp-json\/wp\/v2\/posts\/11211\/revisions\/11213"}],"wp:featuredmedia":[{"embeddable":true,"href":"https:\/\/www.centrodeportivocortijoalto.com\/en\/wp-json\/wp\/v2\/media\/11209"}],"wp:attachment":[{"href":"https:\/\/www.centrodeportivocortijoalto.com\/en\/wp-json\/wp\/v2\/media?parent=11211"}],"wp:term":[{"taxonomy":"category","embeddable":true,"href":"https:\/\/www.centrodeportivocortijoalto.com\/en\/wp-json\/wp\/v2\/categories?post=11211"},{"taxonomy":"post_tag","embeddable":true,"href":"https:\/\/www.centrodeportivocortijoalto.com\/en\/wp-json\/wp\/v2\/tags?post=11211"}],"curies":[{"name":"wp","href":"https:\/\/api.w.org\/{rel}","templated":true}]}}