{"id":11375,"date":"2025-07-04T11:45:04","date_gmt":"2025-07-04T11:45:04","guid":{"rendered":"https:\/\/centrodeportivocortijoalto.com\/?p=11375"},"modified":"2025-07-04T11:46:25","modified_gmt":"2025-07-04T11:46:25","slug":"tennis-vacation-program","status":"publish","type":"post","link":"https:\/\/www.centrodeportivocortijoalto.com\/en\/tennis-vacation-program\/","title":{"rendered":"What a day is like on the Cortijo Alto tennis vacation program."},"content":{"rendered":"<p>Imagine spending part of your holidays on the court, under the sun, with a racket in hand and surrounded by <strong>the best atmosphere in M\u00e1laga<\/strong>.<\/p>\n<p>That&#8217;s how you experience <a href=\"https:\/\/www.centrodeportivocortijoalto.com\/en\/tennis-classes-during-your-holiday-in-malaga\/\">holiday tennis<\/a> at Centro Deportivo Cortijo Alto \u2014 a place where fun meets technical improvement and physical development. Here&#8217;s what a typical day looks like at this well-organized camp.<\/p>\n<h2>A schedule designed to make the most of your time<\/h2>\n<p>From the early hours of the day until the afternoon, activities are carefully planned to <strong>maximize every moment on the court<\/strong>, while ensuring enjoyment and social interaction. The day is divided into three main blocks:<\/p>\n<ul>\n<li>Technical training (9:00 AM &#8211; 12:00 PM)<\/li>\n<li>Break and lunch (12:00 PM &#8211; 2:00 PM)<\/li>\n<li>Matches and competitive activities (2:00 PM &#8211; 5:00 PM)<\/li>\n<\/ul>\n<p>This structure, which <strong>may vary slightly depending on the day<\/strong>, helps maintain a balance between intensity, learning, and rest.<\/p>\n<h2>Technical mornings and focused repetition<\/h2>\n<p>Mornings begin with a group warm-up followed by a brief explanation of the daily plan. Then, <strong>players rotate through different stations on the courts<\/strong>, spending about 30 minutes at each one.<\/p>\n<h3>What do we work on?<\/h3>\n<ul>\n<li>Groundstrokes: forehand and backhand.<\/li>\n<li>Serve and return.<\/li>\n<li>Volleys, overheads, and sliced cross-court shots.<\/li>\n<li>Tactics: direction, height, and consistency.<\/li>\n<li>Drills focused on precision and pattern repetition.<\/li>\n<\/ul>\n<p>This station-based system allows <strong>deep focus on specific aspects<\/strong>. The goal isn\u2019t to do many things, but to perfect the fundamentals. Focused repetition is the key to progress.<\/p>\n<h3>Groups and coaches<\/h3>\n<p>Players are divided into teams named after top professional tennis players: Team Nadal, Team Alcaraz, Team Sinner, among others. Each group rotates through the stations and is guided by coaches who <strong>adapt exercises to the group\u2019s level<\/strong>.<\/p>\n<h2>Afternoons of competition and fun<\/h2>\n<p>After a well-earned break and lunch, it&#8217;s time to put everything into practice. From 2:00 PM to 5:00 PM, <strong>activities combine competition, strategy, and entertainment<\/strong>:<\/p>\n<ul>\n<li>Singles and doubles matches<\/li>\n<li>Mini tournaments<\/li>\n<li>&#8220;King of the Court&#8221;<\/li>\n<li>Consistency challenges<\/li>\n<\/ul>\n<p>Some afternoons are dedicated to internal games between participants, while others feature doubles tournaments where <strong>the competitive spirit merges with teamwork<\/strong>.<\/p>\n<h3>Focus on physical conditioning<\/h3>\n<p>Physical training is divided into two areas:<\/p>\n<ul>\n<li><strong>Game-specific work:<\/strong> agility, movement, and functional strength.<\/li>\n<li><strong>General improvement:<\/strong> aerobic endurance and basic strength.<\/li>\n<\/ul>\n<p>This physical component is integrated into the morning sessions and also follows a station-based format, like an additional court. This way, each player <strong>strengthens their body according to the demands of tennis<\/strong>.<\/p>\n<h3>Beyond the court: values and camaraderie<\/h3>\n<p>Practicing <strong>holiday tennis<\/strong> at Centro Deportivo Cortijo Alto is not only great for training but also for encouraging learning and essential values such as:<\/p>\n<ul>\n<li>Respect for teammates and opponents.<\/li>\n<li>Teamwork.<\/li>\n<li>Discipline and daily effort.<\/li>\n<li>Personal growth.<\/li>\n<\/ul>\n<p>Every activity, match, and break reflects a <strong>positive, educational, and motivating atmosphere<\/strong>.<\/p>\n<h2>Why choose Cortijo Alto to enjoy tennis during your holidays?<\/h2>\n<p>Here are some of the main reasons to choose Cortijo Alto to <strong>play tennis while enjoying your holidays<\/strong>:<\/p>\n<ul>\n<li>Experienced coaches and personalized attention.<\/li>\n<li>Full facilities, including multiple courts and fitness areas.<\/li>\n<li>Detailed organization: every moment is planned, yet flexible enough to adapt to each group.<\/li>\n<li>Guaranteed fun: beyond training, there are games, laughter, and many opportunities to make new friends.<\/li>\n<\/ul>\n<p>The block-based structure allows <strong>players of different levels to share and learn together<\/strong>, enriching the experience for everyone.<\/p>\n<h2>Tennis courts during the holidays<\/h2>\n<p>If you&#8217;re looking for a <strong>complete holiday tennis experience<\/strong>, Centro Deportivo Cortijo Alto is an unbeatable choice. We look forward to welcoming you, your friends, and family. See you on the court!<\/p>\n","protected":false},"excerpt":{"rendered":"<p>Imagine spending part of your holidays on the court, under the sun, with a racket in hand and surrounded by the best atmosphere in M\u00e1laga. That&#8217;s how you experience holiday tennis at Centro Deportivo Cortijo Alto \u2014 a place where<a class=\"btn btn-featured-news\" href=\"https:\/\/www.centrodeportivocortijoalto.com\/en\/tennis-vacation-program\/\">Read more<\/a><\/p>\n","protected":false},"author":561,"featured_media":11373,"comment_status":"closed","ping_status":"closed","sticky":false,"template":"","format":"standard","meta":{"_acf_changed":false,"footnotes":""},"categories":[142],"tags":[244,150],"class_list":["post-11375","post","type-post","status-publish","format-standard","has-post-thumbnail","hentry","category-holiday-visitor-tennis-program-en","tag-holiday-tennis","tag-tennis-malaga"],"acf":[],"yoast_head":"<!-- This site is optimized with the Yoast SEO plugin v27.4 - https:\/\/yoast.com\/product\/yoast-seo-wordpress\/ -->\n<title>What a day is like on the Cortijo Alto tennis vacation program. - Centro deportivo cortijo alto M\u00e1laga<\/title>\n<meta name=\"robots\" content=\"index, follow, max-snippet:-1, max-image-preview:large, max-video-preview:-1\" \/>\n<link rel=\"canonical\" href=\"https:\/\/www.centrodeportivocortijoalto.com\/en\/tennis-vacation-program\/\" \/>\n<meta property=\"og:locale\" content=\"en_US\" \/>\n<meta property=\"og:type\" content=\"article\" \/>\n<meta property=\"og:title\" content=\"What a day is like on the Cortijo Alto tennis vacation program. - Centro deportivo cortijo alto M\u00e1laga\" \/>\n<meta property=\"og:description\" content=\"Imagine spending part of your holidays on the court, under the sun, with a racket in hand and surrounded by the best atmosphere in M\u00e1laga. That&#8217;s how you experience holiday tennis at Centro Deportivo Cortijo Alto \u2014 a place whereRead more\" \/>\n<meta property=\"og:url\" content=\"https:\/\/www.centrodeportivocortijoalto.com\/en\/tennis-vacation-program\/\" \/>\n<meta property=\"og:site_name\" content=\"Centro deportivo cortijo alto M\u00e1laga\" \/>\n<meta property=\"article:publisher\" content=\"https:\/\/www.facebook.com\/tenisypadelcortijoalto\/?locale=es_ES\" \/>\n<meta property=\"article:published_time\" content=\"2025-07-04T11:45:04+00:00\" \/>\n<meta property=\"article:modified_time\" content=\"2025-07-04T11:46:25+00:00\" \/>\n<meta property=\"og:image\" content=\"https:\/\/www.centrodeportivocortijoalto.com\/wp-content\/uploads\/2025\/07\/programa-tenis-en-vacaciones.png\" \/>\n\t<meta property=\"og:image:width\" content=\"1200\" \/>\n\t<meta property=\"og:image:height\" content=\"600\" \/>\n\t<meta property=\"og:image:type\" content=\"image\/png\" \/>\n<meta name=\"author\" content=\"Laura Cortijo Alto\" \/>\n<meta name=\"twitter:card\" content=\"summary_large_image\" \/>\n<meta name=\"twitter:label1\" content=\"Written by\" \/>\n\t<meta name=\"twitter:data1\" content=\"Laura Cortijo Alto\" \/>\n\t<meta name=\"twitter:label2\" content=\"Est. reading time\" \/>\n\t<meta name=\"twitter:data2\" content=\"3 minutes\" \/>\n<script type=\"application\/ld+json\" class=\"yoast-schema-graph\">{\"@context\":\"https:\\\/\\\/schema.org\",\"@graph\":[{\"@type\":\"Article\",\"@id\":\"https:\\\/\\\/www.centrodeportivocortijoalto.com\\\/en\\\/tennis-vacation-program\\\/#article\",\"isPartOf\":{\"@id\":\"https:\\\/\\\/www.centrodeportivocortijoalto.com\\\/en\\\/tennis-vacation-program\\\/\"},\"author\":{\"name\":\"Laura Cortijo Alto\",\"@id\":\"https:\\\/\\\/www.centrodeportivocortijoalto.com\\\/#\\\/schema\\\/person\\\/0e4fc5c029cf1cfd64cc8a9ca5c7a52a\"},\"headline\":\"What a day is like on the Cortijo Alto tennis vacation program.\",\"datePublished\":\"2025-07-04T11:45:04+00:00\",\"dateModified\":\"2025-07-04T11:46:25+00:00\",\"mainEntityOfPage\":{\"@id\":\"https:\\\/\\\/www.centrodeportivocortijoalto.com\\\/en\\\/tennis-vacation-program\\\/\"},\"wordCount\":588,\"publisher\":{\"@id\":\"https:\\\/\\\/www.centrodeportivocortijoalto.com\\\/#organization\"},\"image\":{\"@id\":\"https:\\\/\\\/www.centrodeportivocortijoalto.com\\\/en\\\/tennis-vacation-program\\\/#primaryimage\"},\"thumbnailUrl\":\"https:\\\/\\\/www.centrodeportivocortijoalto.com\\\/wp-content\\\/uploads\\\/2025\\\/07\\\/programa-tenis-en-vacaciones.png\",\"keywords\":[\"holiday tennis\",\"tennis malaga\"],\"articleSection\":[\"Holiday Visitor Tennis Program\"],\"inLanguage\":\"en-US\"},{\"@type\":\"WebPage\",\"@id\":\"https:\\\/\\\/www.centrodeportivocortijoalto.com\\\/en\\\/tennis-vacation-program\\\/\",\"url\":\"https:\\\/\\\/www.centrodeportivocortijoalto.com\\\/en\\\/tennis-vacation-program\\\/\",\"name\":\"What a day is like on the Cortijo Alto tennis vacation program. - Centro deportivo cortijo alto M\u00e1laga\",\"isPartOf\":{\"@id\":\"https:\\\/\\\/www.centrodeportivocortijoalto.com\\\/#website\"},\"primaryImageOfPage\":{\"@id\":\"https:\\\/\\\/www.centrodeportivocortijoalto.com\\\/en\\\/tennis-vacation-program\\\/#primaryimage\"},\"image\":{\"@id\":\"https:\\\/\\\/www.centrodeportivocortijoalto.com\\\/en\\\/tennis-vacation-program\\\/#primaryimage\"},\"thumbnailUrl\":\"https:\\\/\\\/www.centrodeportivocortijoalto.com\\\/wp-content\\\/uploads\\\/2025\\\/07\\\/programa-tenis-en-vacaciones.png\",\"datePublished\":\"2025-07-04T11:45:04+00:00\",\"dateModified\":\"2025-07-04T11:46:25+00:00\",\"breadcrumb\":{\"@id\":\"https:\\\/\\\/www.centrodeportivocortijoalto.com\\\/en\\\/tennis-vacation-program\\\/#breadcrumb\"},\"inLanguage\":\"en-US\",\"potentialAction\":[{\"@type\":\"ReadAction\",\"target\":[\"https:\\\/\\\/www.centrodeportivocortijoalto.com\\\/en\\\/tennis-vacation-program\\\/\"]}]},{\"@type\":\"ImageObject\",\"inLanguage\":\"en-US\",\"@id\":\"https:\\\/\\\/www.centrodeportivocortijoalto.com\\\/en\\\/tennis-vacation-program\\\/#primaryimage\",\"url\":\"https:\\\/\\\/www.centrodeportivocortijoalto.com\\\/wp-content\\\/uploads\\\/2025\\\/07\\\/programa-tenis-en-vacaciones.png\",\"contentUrl\":\"https:\\\/\\\/www.centrodeportivocortijoalto.com\\\/wp-content\\\/uploads\\\/2025\\\/07\\\/programa-tenis-en-vacaciones.png\",\"width\":1200,\"height\":600},{\"@type\":\"BreadcrumbList\",\"@id\":\"https:\\\/\\\/www.centrodeportivocortijoalto.com\\\/en\\\/tennis-vacation-program\\\/#breadcrumb\",\"itemListElement\":[{\"@type\":\"ListItem\",\"position\":1,\"name\":\"Portada\",\"item\":\"https:\\\/\\\/www.centrodeportivocortijoalto.com\\\/\"},{\"@type\":\"ListItem\",\"position\":2,\"name\":\"What a day is like on the Cortijo Alto tennis vacation program.\"}]},{\"@type\":\"WebSite\",\"@id\":\"https:\\\/\\\/www.centrodeportivocortijoalto.com\\\/#website\",\"url\":\"https:\\\/\\\/www.centrodeportivocortijoalto.com\\\/\",\"name\":\"Centro Deportivo Cortijo Alto\",\"description\":\"Cortijo Alto, Centro especializado en la ense\u00f1anza del tenis en M\u00e1laga, Podr\u00e1s apuntar a la escuela, alquilar pistas de tenis, de p\u00e1del y clases de entrenamiento funcional al aire libre.\",\"publisher\":{\"@id\":\"https:\\\/\\\/www.centrodeportivocortijoalto.com\\\/#organization\"},\"potentialAction\":[{\"@type\":\"SearchAction\",\"target\":{\"@type\":\"EntryPoint\",\"urlTemplate\":\"https:\\\/\\\/www.centrodeportivocortijoalto.com\\\/?s={search_term_string}\"},\"query-input\":{\"@type\":\"PropertyValueSpecification\",\"valueRequired\":true,\"valueName\":\"search_term_string\"}}],\"inLanguage\":\"en-US\"},{\"@type\":\"Organization\",\"@id\":\"https:\\\/\\\/www.centrodeportivocortijoalto.com\\\/#organization\",\"name\":\"Centro Deportivo Cortijo Alto\",\"url\":\"https:\\\/\\\/www.centrodeportivocortijoalto.com\\\/\",\"logo\":{\"@type\":\"ImageObject\",\"inLanguage\":\"en-US\",\"@id\":\"https:\\\/\\\/www.centrodeportivocortijoalto.com\\\/#\\\/schema\\\/logo\\\/image\\\/\",\"url\":\"https:\\\/\\\/www.centrodeportivocortijoalto.com\\\/wp-content\\\/uploads\\\/2023\\\/01\\\/Logotipo-escuela-de-tenis-para-NUEVOS-carteles.jpg\",\"contentUrl\":\"https:\\\/\\\/www.centrodeportivocortijoalto.com\\\/wp-content\\\/uploads\\\/2023\\\/01\\\/Logotipo-escuela-de-tenis-para-NUEVOS-carteles.jpg\",\"width\":958,\"height\":1024,\"caption\":\"Centro Deportivo Cortijo Alto\"},\"image\":{\"@id\":\"https:\\\/\\\/www.centrodeportivocortijoalto.com\\\/#\\\/schema\\\/logo\\\/image\\\/\"},\"sameAs\":[\"https:\\\/\\\/www.facebook.com\\\/tenisypadelcortijoalto\\\/?locale=es_ES\",\"https:\\\/\\\/www.instagram.com\\\/teniscortijoalto\\\/?hl=es\"]},{\"@type\":\"Person\",\"@id\":\"https:\\\/\\\/www.centrodeportivocortijoalto.com\\\/#\\\/schema\\\/person\\\/0e4fc5c029cf1cfd64cc8a9ca5c7a52a\",\"name\":\"Laura Cortijo Alto\",\"image\":{\"@type\":\"ImageObject\",\"inLanguage\":\"en-US\",\"@id\":\"https:\\\/\\\/secure.gravatar.com\\\/avatar\\\/ca75b19501699d5b194425177c289dea3c2badf4431977c0158ba2a5ea4a2a19?s=96&d=mm&r=g\",\"url\":\"https:\\\/\\\/secure.gravatar.com\\\/avatar\\\/ca75b19501699d5b194425177c289dea3c2badf4431977c0158ba2a5ea4a2a19?s=96&d=mm&r=g\",\"contentUrl\":\"https:\\\/\\\/secure.gravatar.com\\\/avatar\\\/ca75b19501699d5b194425177c289dea3c2badf4431977c0158ba2a5ea4a2a19?s=96&d=mm&r=g\",\"caption\":\"Laura Cortijo Alto\"},\"url\":\"https:\\\/\\\/www.centrodeportivocortijoalto.com\\\/en\\\/author\\\/adminmadeinmedia\\\/\"}]}<\/script>\n<!-- \/ Yoast SEO plugin. -->","yoast_head_json":{"title":"What a day is like on the Cortijo Alto tennis vacation program. - Centro deportivo cortijo alto M\u00e1laga","robots":{"index":"index","follow":"follow","max-snippet":"max-snippet:-1","max-image-preview":"max-image-preview:large","max-video-preview":"max-video-preview:-1"},"canonical":"https:\/\/www.centrodeportivocortijoalto.com\/en\/tennis-vacation-program\/","og_locale":"en_US","og_type":"article","og_title":"What a day is like on the Cortijo Alto tennis vacation program. - Centro deportivo cortijo alto M\u00e1laga","og_description":"Imagine spending part of your holidays on the court, under the sun, with a racket in hand and surrounded by the best atmosphere in M\u00e1laga. That&#8217;s how you experience holiday tennis at Centro Deportivo Cortijo Alto \u2014 a place whereRead more","og_url":"https:\/\/www.centrodeportivocortijoalto.com\/en\/tennis-vacation-program\/","og_site_name":"Centro deportivo cortijo alto M\u00e1laga","article_publisher":"https:\/\/www.facebook.com\/tenisypadelcortijoalto\/?locale=es_ES","article_published_time":"2025-07-04T11:45:04+00:00","article_modified_time":"2025-07-04T11:46:25+00:00","og_image":[{"width":1200,"height":600,"url":"https:\/\/www.centrodeportivocortijoalto.com\/wp-content\/uploads\/2025\/07\/programa-tenis-en-vacaciones.png","type":"image\/png"}],"author":"Laura Cortijo Alto","twitter_card":"summary_large_image","twitter_misc":{"Written by":"Laura Cortijo Alto","Est. reading time":"3 minutes"},"schema":{"@context":"https:\/\/schema.org","@graph":[{"@type":"Article","@id":"https:\/\/www.centrodeportivocortijoalto.com\/en\/tennis-vacation-program\/#article","isPartOf":{"@id":"https:\/\/www.centrodeportivocortijoalto.com\/en\/tennis-vacation-program\/"},"author":{"name":"Laura Cortijo Alto","@id":"https:\/\/www.centrodeportivocortijoalto.com\/#\/schema\/person\/0e4fc5c029cf1cfd64cc8a9ca5c7a52a"},"headline":"What a day is like on the Cortijo Alto tennis vacation program.","datePublished":"2025-07-04T11:45:04+00:00","dateModified":"2025-07-04T11:46:25+00:00","mainEntityOfPage":{"@id":"https:\/\/www.centrodeportivocortijoalto.com\/en\/tennis-vacation-program\/"},"wordCount":588,"publisher":{"@id":"https:\/\/www.centrodeportivocortijoalto.com\/#organization"},"image":{"@id":"https:\/\/www.centrodeportivocortijoalto.com\/en\/tennis-vacation-program\/#primaryimage"},"thumbnailUrl":"https:\/\/www.centrodeportivocortijoalto.com\/wp-content\/uploads\/2025\/07\/programa-tenis-en-vacaciones.png","keywords":["holiday tennis","tennis malaga"],"articleSection":["Holiday Visitor Tennis Program"],"inLanguage":"en-US"},{"@type":"WebPage","@id":"https:\/\/www.centrodeportivocortijoalto.com\/en\/tennis-vacation-program\/","url":"https:\/\/www.centrodeportivocortijoalto.com\/en\/tennis-vacation-program\/","name":"What a day is like on the Cortijo Alto tennis vacation program. - Centro deportivo cortijo alto M\u00e1laga","isPartOf":{"@id":"https:\/\/www.centrodeportivocortijoalto.com\/#website"},"primaryImageOfPage":{"@id":"https:\/\/www.centrodeportivocortijoalto.com\/en\/tennis-vacation-program\/#primaryimage"},"image":{"@id":"https:\/\/www.centrodeportivocortijoalto.com\/en\/tennis-vacation-program\/#primaryimage"},"thumbnailUrl":"https:\/\/www.centrodeportivocortijoalto.com\/wp-content\/uploads\/2025\/07\/programa-tenis-en-vacaciones.png","datePublished":"2025-07-04T11:45:04+00:00","dateModified":"2025-07-04T11:46:25+00:00","breadcrumb":{"@id":"https:\/\/www.centrodeportivocortijoalto.com\/en\/tennis-vacation-program\/#breadcrumb"},"inLanguage":"en-US","potentialAction":[{"@type":"ReadAction","target":["https:\/\/www.centrodeportivocortijoalto.com\/en\/tennis-vacation-program\/"]}]},{"@type":"ImageObject","inLanguage":"en-US","@id":"https:\/\/www.centrodeportivocortijoalto.com\/en\/tennis-vacation-program\/#primaryimage","url":"https:\/\/www.centrodeportivocortijoalto.com\/wp-content\/uploads\/2025\/07\/programa-tenis-en-vacaciones.png","contentUrl":"https:\/\/www.centrodeportivocortijoalto.com\/wp-content\/uploads\/2025\/07\/programa-tenis-en-vacaciones.png","width":1200,"height":600},{"@type":"BreadcrumbList","@id":"https:\/\/www.centrodeportivocortijoalto.com\/en\/tennis-vacation-program\/#breadcrumb","itemListElement":[{"@type":"ListItem","position":1,"name":"Portada","item":"https:\/\/www.centrodeportivocortijoalto.com\/"},{"@type":"ListItem","position":2,"name":"What a day is like on the Cortijo Alto tennis vacation program."}]},{"@type":"WebSite","@id":"https:\/\/www.centrodeportivocortijoalto.com\/#website","url":"https:\/\/www.centrodeportivocortijoalto.com\/","name":"Centro Deportivo Cortijo Alto","description":"Cortijo Alto, Centro especializado en la ense\u00f1anza del tenis en M\u00e1laga, Podr\u00e1s apuntar a la escuela, alquilar pistas de tenis, de p\u00e1del y clases de entrenamiento funcional al aire libre.","publisher":{"@id":"https:\/\/www.centrodeportivocortijoalto.com\/#organization"},"potentialAction":[{"@type":"SearchAction","target":{"@type":"EntryPoint","urlTemplate":"https:\/\/www.centrodeportivocortijoalto.com\/?s={search_term_string}"},"query-input":{"@type":"PropertyValueSpecification","valueRequired":true,"valueName":"search_term_string"}}],"inLanguage":"en-US"},{"@type":"Organization","@id":"https:\/\/www.centrodeportivocortijoalto.com\/#organization","name":"Centro Deportivo Cortijo Alto","url":"https:\/\/www.centrodeportivocortijoalto.com\/","logo":{"@type":"ImageObject","inLanguage":"en-US","@id":"https:\/\/www.centrodeportivocortijoalto.com\/#\/schema\/logo\/image\/","url":"https:\/\/www.centrodeportivocortijoalto.com\/wp-content\/uploads\/2023\/01\/Logotipo-escuela-de-tenis-para-NUEVOS-carteles.jpg","contentUrl":"https:\/\/www.centrodeportivocortijoalto.com\/wp-content\/uploads\/2023\/01\/Logotipo-escuela-de-tenis-para-NUEVOS-carteles.jpg","width":958,"height":1024,"caption":"Centro Deportivo Cortijo Alto"},"image":{"@id":"https:\/\/www.centrodeportivocortijoalto.com\/#\/schema\/logo\/image\/"},"sameAs":["https:\/\/www.facebook.com\/tenisypadelcortijoalto\/?locale=es_ES","https:\/\/www.instagram.com\/teniscortijoalto\/?hl=es"]},{"@type":"Person","@id":"https:\/\/www.centrodeportivocortijoalto.com\/#\/schema\/person\/0e4fc5c029cf1cfd64cc8a9ca5c7a52a","name":"Laura Cortijo Alto","image":{"@type":"ImageObject","inLanguage":"en-US","@id":"https:\/\/secure.gravatar.com\/avatar\/ca75b19501699d5b194425177c289dea3c2badf4431977c0158ba2a5ea4a2a19?s=96&d=mm&r=g","url":"https:\/\/secure.gravatar.com\/avatar\/ca75b19501699d5b194425177c289dea3c2badf4431977c0158ba2a5ea4a2a19?s=96&d=mm&r=g","contentUrl":"https:\/\/secure.gravatar.com\/avatar\/ca75b19501699d5b194425177c289dea3c2badf4431977c0158ba2a5ea4a2a19?s=96&d=mm&r=g","caption":"Laura Cortijo Alto"},"url":"https:\/\/www.centrodeportivocortijoalto.com\/en\/author\/adminmadeinmedia\/"}]}},"_links":{"self":[{"href":"https:\/\/www.centrodeportivocortijoalto.com\/en\/wp-json\/wp\/v2\/posts\/11375","targetHints":{"allow":["GET"]}}],"collection":[{"href":"https:\/\/www.centrodeportivocortijoalto.com\/en\/wp-json\/wp\/v2\/posts"}],"about":[{"href":"https:\/\/www.centrodeportivocortijoalto.com\/en\/wp-json\/wp\/v2\/types\/post"}],"author":[{"embeddable":true,"href":"https:\/\/www.centrodeportivocortijoalto.com\/en\/wp-json\/wp\/v2\/users\/561"}],"replies":[{"embeddable":true,"href":"https:\/\/www.centrodeportivocortijoalto.com\/en\/wp-json\/wp\/v2\/comments?post=11375"}],"version-history":[{"count":3,"href":"https:\/\/www.centrodeportivocortijoalto.com\/en\/wp-json\/wp\/v2\/posts\/11375\/revisions"}],"predecessor-version":[{"id":11378,"href":"https:\/\/www.centrodeportivocortijoalto.com\/en\/wp-json\/wp\/v2\/posts\/11375\/revisions\/11378"}],"wp:featuredmedia":[{"embeddable":true,"href":"https:\/\/www.centrodeportivocortijoalto.com\/en\/wp-json\/wp\/v2\/media\/11373"}],"wp:attachment":[{"href":"https:\/\/www.centrodeportivocortijoalto.com\/en\/wp-json\/wp\/v2\/media?parent=11375"}],"wp:term":[{"taxonomy":"category","embeddable":true,"href":"https:\/\/www.centrodeportivocortijoalto.com\/en\/wp-json\/wp\/v2\/categories?post=11375"},{"taxonomy":"post_tag","embeddable":true,"href":"https:\/\/www.centrodeportivocortijoalto.com\/en\/wp-json\/wp\/v2\/tags?post=11375"}],"curies":[{"name":"wp","href":"https:\/\/api.w.org\/{rel}","templated":true}]}}