{"id":11396,"date":"2025-07-18T08:42:22","date_gmt":"2025-07-18T08:42:22","guid":{"rendered":"https:\/\/centrodeportivocortijoalto.com\/?p=11396"},"modified":"2025-07-18T08:42:22","modified_gmt":"2025-07-18T08:42:22","slug":"registrations-open-for-the-25-26-tennis-course","status":"publish","type":"post","link":"https:\/\/www.centrodeportivocortijoalto.com\/en\/registrations-open-for-the-25-26-tennis-course\/","title":{"rendered":"Registrations open for the 25-26 tennis course"},"content":{"rendered":"<p><span style=\"font-weight: 400;\">Are you looking for <\/span><a href=\"https:\/\/www.centrodeportivocortijoalto.com\/en\/\"><span style=\"font-weight: 400;\">tennis lessons in M\u00e1laga<\/span><\/a><span style=\"font-weight: 400;\"> for yourself or your children? Do you want to start from scratch, improve your technique, or simply enjoy the sport in a healthy and dynamic environment?<\/span><\/p>\n<p><span style=\"font-weight: 400;\">Then this is for you: at Cortijo Alto we\u2019ve already opened<\/span><b> registration for the 2025\u20132026 Tennis School<\/b><span style=\"font-weight: 400;\">.<\/span><\/p>\n<p><span style=\"font-weight: 400;\">As every year,<\/span><b> spots are limited and tend to fill up faster than you\u2019d expect<\/b><span style=\"font-weight: 400;\">. If you&#8217;re sure you want to play tennis this season, don\u2019t wait too long.<\/span><\/p>\n<h2><span style=\"font-weight: 400;\">Tennis lessons in M\u00e1laga for all ages<\/span><\/h2>\n<p><span style=\"font-weight: 400;\">At our school, we have a place for you, <\/span><b>no matter your age or skill level<\/b><span style=\"font-weight: 400;\">. Whether it\u2019s your first time holding a racket or you\u2019ve been playing for years and want to improve, we can help.<\/span><\/p>\n<h3><span style=\"font-weight: 400;\">Groups by age and level<\/span><\/h3>\n<p><span style=\"font-weight: 400;\">We organize the 2025\u20132026 groups based on two factors:<\/span><\/p>\n<ul>\n<li style=\"font-weight: 400;\" aria-level=\"1\"><b>Age:<\/b><span style=\"font-weight: 400;\"> children, youth, and adults.<\/span><\/li>\n<li style=\"font-weight: 400;\" aria-level=\"1\"><b>Level:<\/b><span style=\"font-weight: 400;\"> beginner, intermediate, and advanced.<\/span><\/li>\n<\/ul>\n<p><span style=\"font-weight: 400;\">That way, you\u2019ll be placed in the right group with <\/span><b>people who have a similar level to yours<\/b><span style=\"font-weight: 400;\"> and with training designed to bring out your best.<\/span><\/p>\n<h2><span style=\"font-weight: 400;\">Professional coaches, fun classes<\/span><\/h2>\n<p><span style=\"font-weight: 400;\">We have a <\/span><b>team of certified coaches with experience and passion<\/b><span style=\"font-weight: 400;\">. We know how to teach you to play, how to help you improve, and how to make sure you enjoy your training.<\/span><\/p>\n<p><span style=\"font-weight: 400;\">Our school is built on values such as <\/span><b>professionalism, honesty, transparency, trust, respect, and care<\/b><span style=\"font-weight: 400;\">. These values are present in every class and in our relationship with each student and family.<\/span><\/p>\n<p><span style=\"font-weight: 400;\">For us, tennis is not just technique and effort. It\u2019s also about <\/span><b>motivation, consistency, and fun<\/b><span style=\"font-weight: 400;\">. We want you to come to class with enthusiasm, and leave each session feeling like you\u2019ve learned something new.<\/span><\/p>\n<h2><span style=\"font-weight: 400;\">Why choose our tennis lessons in M\u00e1laga?<\/span><\/h2>\n<p><span style=\"font-weight: 400;\">There are many<\/span><b> reasons why students and families choose Cortijo Alto<\/b><span style=\"font-weight: 400;\">, but here are the most important ones:<\/span><\/p>\n<h3><span style=\"font-weight: 400;\">Well-maintained facilities<\/span><\/h3>\n<p><span style=\"font-weight: 400;\">Our <\/span><b>courts are well maintained<\/b><span style=\"font-weight: 400;\"> and ready for you to train comfortably. We also have spaces where you can wait or relax before or after class.<\/span><\/p>\n<p><span style=\"font-weight: 400;\">Moreover, while one family member is training in tennis, another can join our<\/span> <a href=\"https:\/\/www.centrodeportivocortijoalto.com\/en\/services\/functional-training\/\"><span style=\"font-weight: 400;\">functional training classes<\/span><\/a><b>.<\/b><span style=\"font-weight: 400;\"> This helps <\/span><b>make the most of the time, promote an active family lifestyle, and strengthen the commitment to fitness.<\/b><\/p>\n<h3><span style=\"font-weight: 400;\">Schedules adapted to your routine<\/span><\/h3>\n<p><span style=\"font-weight: 400;\">We know everyone has their own routine. That\u2019s why we offer <\/span><b>multiple time slots throughout the week<\/b><span style=\"font-weight: 400;\"> so you can easily fit tennis into your daily life.<\/span><\/p>\n<h3><span style=\"font-weight: 400;\">A complete and progressive course<\/span><\/h3>\n<p><span style=\"font-weight: 400;\">The 2025\u20132026 course covers the entire season with a<\/span><b> program designed to help you progress throughout the year<\/b><span style=\"font-weight: 400;\">. It\u2019s not just about one-off classes: we work with you week after week so you improve, gain confidence, and enjoy the game more.<\/span><\/p>\n<h2><span style=\"font-weight: 400;\">Don\u2019t miss your spot!<\/span><\/h2>\n<p><span style=\"font-weight: 400;\">It happens every year: people try to sign up last minute\u2026 and we\u2019re already full. If you\u2019d like to train with us this season,<\/span><b> don\u2019t leave it for later<\/b><span style=\"font-weight: 400;\">.<\/span><span style=\"font-weight: 400;\"><br \/>\n<\/span><\/p>\n<p><span style=\"font-weight: 400;\">We\u2019ve already started organizing the groups and spots are being reserved. <\/span><b>Message us today and secure yours<\/b><span style=\"font-weight: 400;\">.<\/span><\/p>\n","protected":false},"excerpt":{"rendered":"<p>Are you looking for tennis lessons in M\u00e1laga for yourself or your children? Do you want to start from scratch, improve your technique, or simply enjoy the sport in a healthy and dynamic environment? Then this is for you: at<a class=\"btn btn-featured-news\" href=\"https:\/\/www.centrodeportivocortijoalto.com\/en\/registrations-open-for-the-25-26-tennis-course\/\">Read more<\/a><\/p>\n","protected":false},"author":561,"featured_media":11393,"comment_status":"closed","ping_status":"closed","sticky":false,"template":"","format":"standard","meta":{"_acf_changed":false,"footnotes":""},"categories":[152],"tags":[150],"class_list":["post-11396","post","type-post","status-publish","format-standard","has-post-thumbnail","hentry","category-cortijo-alto-tennis","tag-tennis-malaga"],"acf":[],"yoast_head":"<!-- This site is optimized with the Yoast SEO plugin v27.4 - https:\/\/yoast.com\/product\/yoast-seo-wordpress\/ -->\n<title>Registrations open for the 25-26 tennis course - Centro deportivo cortijo alto M\u00e1laga<\/title>\n<meta name=\"robots\" content=\"index, follow, max-snippet:-1, max-image-preview:large, max-video-preview:-1\" \/>\n<link rel=\"canonical\" href=\"https:\/\/www.centrodeportivocortijoalto.com\/en\/registrations-open-for-the-25-26-tennis-course\/\" \/>\n<meta property=\"og:locale\" content=\"en_US\" \/>\n<meta property=\"og:type\" content=\"article\" \/>\n<meta property=\"og:title\" content=\"Registrations open for the 25-26 tennis course - Centro deportivo cortijo alto M\u00e1laga\" \/>\n<meta property=\"og:description\" content=\"Are you looking for tennis lessons in M\u00e1laga for yourself or your children? Do you want to start from scratch, improve your technique, or simply enjoy the sport in a healthy and dynamic environment? Then this is for you: atRead more\" \/>\n<meta property=\"og:url\" content=\"https:\/\/www.centrodeportivocortijoalto.com\/en\/registrations-open-for-the-25-26-tennis-course\/\" \/>\n<meta property=\"og:site_name\" content=\"Centro deportivo cortijo alto M\u00e1laga\" \/>\n<meta property=\"article:publisher\" content=\"https:\/\/www.facebook.com\/tenisypadelcortijoalto\/?locale=es_ES\" \/>\n<meta property=\"article:published_time\" content=\"2025-07-18T08:42:22+00:00\" \/>\n<meta property=\"og:image\" content=\"https:\/\/www.centrodeportivocortijoalto.com\/wp-content\/uploads\/2025\/07\/Inscripciones-abiertas-para-el-curso-de-tenis-25-26.png\" \/>\n\t<meta property=\"og:image:width\" content=\"1200\" \/>\n\t<meta property=\"og:image:height\" content=\"600\" \/>\n\t<meta property=\"og:image:type\" content=\"image\/png\" \/>\n<meta name=\"author\" content=\"Laura Cortijo Alto\" \/>\n<meta name=\"twitter:card\" content=\"summary_large_image\" \/>\n<meta name=\"twitter:label1\" content=\"Written by\" \/>\n\t<meta name=\"twitter:data1\" content=\"Laura Cortijo Alto\" \/>\n\t<meta name=\"twitter:label2\" content=\"Est. reading time\" \/>\n\t<meta name=\"twitter:data2\" content=\"3 minutes\" \/>\n<script type=\"application\/ld+json\" class=\"yoast-schema-graph\">{\"@context\":\"https:\\\/\\\/schema.org\",\"@graph\":[{\"@type\":\"Article\",\"@id\":\"https:\\\/\\\/www.centrodeportivocortijoalto.com\\\/en\\\/registrations-open-for-the-25-26-tennis-course\\\/#article\",\"isPartOf\":{\"@id\":\"https:\\\/\\\/www.centrodeportivocortijoalto.com\\\/en\\\/registrations-open-for-the-25-26-tennis-course\\\/\"},\"author\":{\"name\":\"Laura Cortijo Alto\",\"@id\":\"https:\\\/\\\/www.centrodeportivocortijoalto.com\\\/#\\\/schema\\\/person\\\/0e4fc5c029cf1cfd64cc8a9ca5c7a52a\"},\"headline\":\"Registrations open for the 25-26 tennis course\",\"datePublished\":\"2025-07-18T08:42:22+00:00\",\"mainEntityOfPage\":{\"@id\":\"https:\\\/\\\/www.centrodeportivocortijoalto.com\\\/en\\\/registrations-open-for-the-25-26-tennis-course\\\/\"},\"wordCount\":517,\"publisher\":{\"@id\":\"https:\\\/\\\/www.centrodeportivocortijoalto.com\\\/#organization\"},\"image\":{\"@id\":\"https:\\\/\\\/www.centrodeportivocortijoalto.com\\\/en\\\/registrations-open-for-the-25-26-tennis-course\\\/#primaryimage\"},\"thumbnailUrl\":\"https:\\\/\\\/www.centrodeportivocortijoalto.com\\\/wp-content\\\/uploads\\\/2025\\\/07\\\/Inscripciones-abiertas-para-el-curso-de-tenis-25-26.png\",\"keywords\":[\"tennis malaga\"],\"articleSection\":[\"Cortijo Alto Tennis\"],\"inLanguage\":\"en-US\"},{\"@type\":\"WebPage\",\"@id\":\"https:\\\/\\\/www.centrodeportivocortijoalto.com\\\/en\\\/registrations-open-for-the-25-26-tennis-course\\\/\",\"url\":\"https:\\\/\\\/www.centrodeportivocortijoalto.com\\\/en\\\/registrations-open-for-the-25-26-tennis-course\\\/\",\"name\":\"Registrations open for the 25-26 tennis course - Centro deportivo cortijo alto M\u00e1laga\",\"isPartOf\":{\"@id\":\"https:\\\/\\\/www.centrodeportivocortijoalto.com\\\/#website\"},\"primaryImageOfPage\":{\"@id\":\"https:\\\/\\\/www.centrodeportivocortijoalto.com\\\/en\\\/registrations-open-for-the-25-26-tennis-course\\\/#primaryimage\"},\"image\":{\"@id\":\"https:\\\/\\\/www.centrodeportivocortijoalto.com\\\/en\\\/registrations-open-for-the-25-26-tennis-course\\\/#primaryimage\"},\"thumbnailUrl\":\"https:\\\/\\\/www.centrodeportivocortijoalto.com\\\/wp-content\\\/uploads\\\/2025\\\/07\\\/Inscripciones-abiertas-para-el-curso-de-tenis-25-26.png\",\"datePublished\":\"2025-07-18T08:42:22+00:00\",\"breadcrumb\":{\"@id\":\"https:\\\/\\\/www.centrodeportivocortijoalto.com\\\/en\\\/registrations-open-for-the-25-26-tennis-course\\\/#breadcrumb\"},\"inLanguage\":\"en-US\",\"potentialAction\":[{\"@type\":\"ReadAction\",\"target\":[\"https:\\\/\\\/www.centrodeportivocortijoalto.com\\\/en\\\/registrations-open-for-the-25-26-tennis-course\\\/\"]}]},{\"@type\":\"ImageObject\",\"inLanguage\":\"en-US\",\"@id\":\"https:\\\/\\\/www.centrodeportivocortijoalto.com\\\/en\\\/registrations-open-for-the-25-26-tennis-course\\\/#primaryimage\",\"url\":\"https:\\\/\\\/www.centrodeportivocortijoalto.com\\\/wp-content\\\/uploads\\\/2025\\\/07\\\/Inscripciones-abiertas-para-el-curso-de-tenis-25-26.png\",\"contentUrl\":\"https:\\\/\\\/www.centrodeportivocortijoalto.com\\\/wp-content\\\/uploads\\\/2025\\\/07\\\/Inscripciones-abiertas-para-el-curso-de-tenis-25-26.png\",\"width\":1200,\"height\":600},{\"@type\":\"BreadcrumbList\",\"@id\":\"https:\\\/\\\/www.centrodeportivocortijoalto.com\\\/en\\\/registrations-open-for-the-25-26-tennis-course\\\/#breadcrumb\",\"itemListElement\":[{\"@type\":\"ListItem\",\"position\":1,\"name\":\"Portada\",\"item\":\"https:\\\/\\\/www.centrodeportivocortijoalto.com\\\/\"},{\"@type\":\"ListItem\",\"position\":2,\"name\":\"Registrations open for the 25-26 tennis course\"}]},{\"@type\":\"WebSite\",\"@id\":\"https:\\\/\\\/www.centrodeportivocortijoalto.com\\\/#website\",\"url\":\"https:\\\/\\\/www.centrodeportivocortijoalto.com\\\/\",\"name\":\"Centro Deportivo Cortijo Alto\",\"description\":\"Cortijo Alto, Centro especializado en la ense\u00f1anza del tenis en M\u00e1laga, Podr\u00e1s apuntar a la escuela, alquilar pistas de tenis, de p\u00e1del y clases de entrenamiento funcional al aire libre.\",\"publisher\":{\"@id\":\"https:\\\/\\\/www.centrodeportivocortijoalto.com\\\/#organization\"},\"potentialAction\":[{\"@type\":\"SearchAction\",\"target\":{\"@type\":\"EntryPoint\",\"urlTemplate\":\"https:\\\/\\\/www.centrodeportivocortijoalto.com\\\/?s={search_term_string}\"},\"query-input\":{\"@type\":\"PropertyValueSpecification\",\"valueRequired\":true,\"valueName\":\"search_term_string\"}}],\"inLanguage\":\"en-US\"},{\"@type\":\"Organization\",\"@id\":\"https:\\\/\\\/www.centrodeportivocortijoalto.com\\\/#organization\",\"name\":\"Centro Deportivo Cortijo Alto\",\"url\":\"https:\\\/\\\/www.centrodeportivocortijoalto.com\\\/\",\"logo\":{\"@type\":\"ImageObject\",\"inLanguage\":\"en-US\",\"@id\":\"https:\\\/\\\/www.centrodeportivocortijoalto.com\\\/#\\\/schema\\\/logo\\\/image\\\/\",\"url\":\"https:\\\/\\\/www.centrodeportivocortijoalto.com\\\/wp-content\\\/uploads\\\/2023\\\/01\\\/Logotipo-escuela-de-tenis-para-NUEVOS-carteles.jpg\",\"contentUrl\":\"https:\\\/\\\/www.centrodeportivocortijoalto.com\\\/wp-content\\\/uploads\\\/2023\\\/01\\\/Logotipo-escuela-de-tenis-para-NUEVOS-carteles.jpg\",\"width\":958,\"height\":1024,\"caption\":\"Centro Deportivo Cortijo Alto\"},\"image\":{\"@id\":\"https:\\\/\\\/www.centrodeportivocortijoalto.com\\\/#\\\/schema\\\/logo\\\/image\\\/\"},\"sameAs\":[\"https:\\\/\\\/www.facebook.com\\\/tenisypadelcortijoalto\\\/?locale=es_ES\",\"https:\\\/\\\/www.instagram.com\\\/teniscortijoalto\\\/?hl=es\"]},{\"@type\":\"Person\",\"@id\":\"https:\\\/\\\/www.centrodeportivocortijoalto.com\\\/#\\\/schema\\\/person\\\/0e4fc5c029cf1cfd64cc8a9ca5c7a52a\",\"name\":\"Laura Cortijo Alto\",\"image\":{\"@type\":\"ImageObject\",\"inLanguage\":\"en-US\",\"@id\":\"https:\\\/\\\/secure.gravatar.com\\\/avatar\\\/ca75b19501699d5b194425177c289dea3c2badf4431977c0158ba2a5ea4a2a19?s=96&d=mm&r=g\",\"url\":\"https:\\\/\\\/secure.gravatar.com\\\/avatar\\\/ca75b19501699d5b194425177c289dea3c2badf4431977c0158ba2a5ea4a2a19?s=96&d=mm&r=g\",\"contentUrl\":\"https:\\\/\\\/secure.gravatar.com\\\/avatar\\\/ca75b19501699d5b194425177c289dea3c2badf4431977c0158ba2a5ea4a2a19?s=96&d=mm&r=g\",\"caption\":\"Laura Cortijo Alto\"},\"url\":\"https:\\\/\\\/www.centrodeportivocortijoalto.com\\\/en\\\/author\\\/adminmadeinmedia\\\/\"}]}<\/script>\n<!-- \/ Yoast SEO plugin. -->","yoast_head_json":{"title":"Registrations open for the 25-26 tennis course - Centro deportivo cortijo alto M\u00e1laga","robots":{"index":"index","follow":"follow","max-snippet":"max-snippet:-1","max-image-preview":"max-image-preview:large","max-video-preview":"max-video-preview:-1"},"canonical":"https:\/\/www.centrodeportivocortijoalto.com\/en\/registrations-open-for-the-25-26-tennis-course\/","og_locale":"en_US","og_type":"article","og_title":"Registrations open for the 25-26 tennis course - Centro deportivo cortijo alto M\u00e1laga","og_description":"Are you looking for tennis lessons in M\u00e1laga for yourself or your children? Do you want to start from scratch, improve your technique, or simply enjoy the sport in a healthy and dynamic environment? Then this is for you: atRead more","og_url":"https:\/\/www.centrodeportivocortijoalto.com\/en\/registrations-open-for-the-25-26-tennis-course\/","og_site_name":"Centro deportivo cortijo alto M\u00e1laga","article_publisher":"https:\/\/www.facebook.com\/tenisypadelcortijoalto\/?locale=es_ES","article_published_time":"2025-07-18T08:42:22+00:00","og_image":[{"width":1200,"height":600,"url":"https:\/\/www.centrodeportivocortijoalto.com\/wp-content\/uploads\/2025\/07\/Inscripciones-abiertas-para-el-curso-de-tenis-25-26.png","type":"image\/png"}],"author":"Laura Cortijo Alto","twitter_card":"summary_large_image","twitter_misc":{"Written by":"Laura Cortijo Alto","Est. reading time":"3 minutes"},"schema":{"@context":"https:\/\/schema.org","@graph":[{"@type":"Article","@id":"https:\/\/www.centrodeportivocortijoalto.com\/en\/registrations-open-for-the-25-26-tennis-course\/#article","isPartOf":{"@id":"https:\/\/www.centrodeportivocortijoalto.com\/en\/registrations-open-for-the-25-26-tennis-course\/"},"author":{"name":"Laura Cortijo Alto","@id":"https:\/\/www.centrodeportivocortijoalto.com\/#\/schema\/person\/0e4fc5c029cf1cfd64cc8a9ca5c7a52a"},"headline":"Registrations open for the 25-26 tennis course","datePublished":"2025-07-18T08:42:22+00:00","mainEntityOfPage":{"@id":"https:\/\/www.centrodeportivocortijoalto.com\/en\/registrations-open-for-the-25-26-tennis-course\/"},"wordCount":517,"publisher":{"@id":"https:\/\/www.centrodeportivocortijoalto.com\/#organization"},"image":{"@id":"https:\/\/www.centrodeportivocortijoalto.com\/en\/registrations-open-for-the-25-26-tennis-course\/#primaryimage"},"thumbnailUrl":"https:\/\/www.centrodeportivocortijoalto.com\/wp-content\/uploads\/2025\/07\/Inscripciones-abiertas-para-el-curso-de-tenis-25-26.png","keywords":["tennis malaga"],"articleSection":["Cortijo Alto Tennis"],"inLanguage":"en-US"},{"@type":"WebPage","@id":"https:\/\/www.centrodeportivocortijoalto.com\/en\/registrations-open-for-the-25-26-tennis-course\/","url":"https:\/\/www.centrodeportivocortijoalto.com\/en\/registrations-open-for-the-25-26-tennis-course\/","name":"Registrations open for the 25-26 tennis course - Centro deportivo cortijo alto M\u00e1laga","isPartOf":{"@id":"https:\/\/www.centrodeportivocortijoalto.com\/#website"},"primaryImageOfPage":{"@id":"https:\/\/www.centrodeportivocortijoalto.com\/en\/registrations-open-for-the-25-26-tennis-course\/#primaryimage"},"image":{"@id":"https:\/\/www.centrodeportivocortijoalto.com\/en\/registrations-open-for-the-25-26-tennis-course\/#primaryimage"},"thumbnailUrl":"https:\/\/www.centrodeportivocortijoalto.com\/wp-content\/uploads\/2025\/07\/Inscripciones-abiertas-para-el-curso-de-tenis-25-26.png","datePublished":"2025-07-18T08:42:22+00:00","breadcrumb":{"@id":"https:\/\/www.centrodeportivocortijoalto.com\/en\/registrations-open-for-the-25-26-tennis-course\/#breadcrumb"},"inLanguage":"en-US","potentialAction":[{"@type":"ReadAction","target":["https:\/\/www.centrodeportivocortijoalto.com\/en\/registrations-open-for-the-25-26-tennis-course\/"]}]},{"@type":"ImageObject","inLanguage":"en-US","@id":"https:\/\/www.centrodeportivocortijoalto.com\/en\/registrations-open-for-the-25-26-tennis-course\/#primaryimage","url":"https:\/\/www.centrodeportivocortijoalto.com\/wp-content\/uploads\/2025\/07\/Inscripciones-abiertas-para-el-curso-de-tenis-25-26.png","contentUrl":"https:\/\/www.centrodeportivocortijoalto.com\/wp-content\/uploads\/2025\/07\/Inscripciones-abiertas-para-el-curso-de-tenis-25-26.png","width":1200,"height":600},{"@type":"BreadcrumbList","@id":"https:\/\/www.centrodeportivocortijoalto.com\/en\/registrations-open-for-the-25-26-tennis-course\/#breadcrumb","itemListElement":[{"@type":"ListItem","position":1,"name":"Portada","item":"https:\/\/www.centrodeportivocortijoalto.com\/"},{"@type":"ListItem","position":2,"name":"Registrations open for the 25-26 tennis course"}]},{"@type":"WebSite","@id":"https:\/\/www.centrodeportivocortijoalto.com\/#website","url":"https:\/\/www.centrodeportivocortijoalto.com\/","name":"Centro Deportivo Cortijo Alto","description":"Cortijo Alto, Centro especializado en la ense\u00f1anza del tenis en M\u00e1laga, Podr\u00e1s apuntar a la escuela, alquilar pistas de tenis, de p\u00e1del y clases de entrenamiento funcional al aire libre.","publisher":{"@id":"https:\/\/www.centrodeportivocortijoalto.com\/#organization"},"potentialAction":[{"@type":"SearchAction","target":{"@type":"EntryPoint","urlTemplate":"https:\/\/www.centrodeportivocortijoalto.com\/?s={search_term_string}"},"query-input":{"@type":"PropertyValueSpecification","valueRequired":true,"valueName":"search_term_string"}}],"inLanguage":"en-US"},{"@type":"Organization","@id":"https:\/\/www.centrodeportivocortijoalto.com\/#organization","name":"Centro Deportivo Cortijo Alto","url":"https:\/\/www.centrodeportivocortijoalto.com\/","logo":{"@type":"ImageObject","inLanguage":"en-US","@id":"https:\/\/www.centrodeportivocortijoalto.com\/#\/schema\/logo\/image\/","url":"https:\/\/www.centrodeportivocortijoalto.com\/wp-content\/uploads\/2023\/01\/Logotipo-escuela-de-tenis-para-NUEVOS-carteles.jpg","contentUrl":"https:\/\/www.centrodeportivocortijoalto.com\/wp-content\/uploads\/2023\/01\/Logotipo-escuela-de-tenis-para-NUEVOS-carteles.jpg","width":958,"height":1024,"caption":"Centro Deportivo Cortijo Alto"},"image":{"@id":"https:\/\/www.centrodeportivocortijoalto.com\/#\/schema\/logo\/image\/"},"sameAs":["https:\/\/www.facebook.com\/tenisypadelcortijoalto\/?locale=es_ES","https:\/\/www.instagram.com\/teniscortijoalto\/?hl=es"]},{"@type":"Person","@id":"https:\/\/www.centrodeportivocortijoalto.com\/#\/schema\/person\/0e4fc5c029cf1cfd64cc8a9ca5c7a52a","name":"Laura Cortijo Alto","image":{"@type":"ImageObject","inLanguage":"en-US","@id":"https:\/\/secure.gravatar.com\/avatar\/ca75b19501699d5b194425177c289dea3c2badf4431977c0158ba2a5ea4a2a19?s=96&d=mm&r=g","url":"https:\/\/secure.gravatar.com\/avatar\/ca75b19501699d5b194425177c289dea3c2badf4431977c0158ba2a5ea4a2a19?s=96&d=mm&r=g","contentUrl":"https:\/\/secure.gravatar.com\/avatar\/ca75b19501699d5b194425177c289dea3c2badf4431977c0158ba2a5ea4a2a19?s=96&d=mm&r=g","caption":"Laura Cortijo Alto"},"url":"https:\/\/www.centrodeportivocortijoalto.com\/en\/author\/adminmadeinmedia\/"}]}},"_links":{"self":[{"href":"https:\/\/www.centrodeportivocortijoalto.com\/en\/wp-json\/wp\/v2\/posts\/11396","targetHints":{"allow":["GET"]}}],"collection":[{"href":"https:\/\/www.centrodeportivocortijoalto.com\/en\/wp-json\/wp\/v2\/posts"}],"about":[{"href":"https:\/\/www.centrodeportivocortijoalto.com\/en\/wp-json\/wp\/v2\/types\/post"}],"author":[{"embeddable":true,"href":"https:\/\/www.centrodeportivocortijoalto.com\/en\/wp-json\/wp\/v2\/users\/561"}],"replies":[{"embeddable":true,"href":"https:\/\/www.centrodeportivocortijoalto.com\/en\/wp-json\/wp\/v2\/comments?post=11396"}],"version-history":[{"count":1,"href":"https:\/\/www.centrodeportivocortijoalto.com\/en\/wp-json\/wp\/v2\/posts\/11396\/revisions"}],"predecessor-version":[{"id":11397,"href":"https:\/\/www.centrodeportivocortijoalto.com\/en\/wp-json\/wp\/v2\/posts\/11396\/revisions\/11397"}],"wp:featuredmedia":[{"embeddable":true,"href":"https:\/\/www.centrodeportivocortijoalto.com\/en\/wp-json\/wp\/v2\/media\/11393"}],"wp:attachment":[{"href":"https:\/\/www.centrodeportivocortijoalto.com\/en\/wp-json\/wp\/v2\/media?parent=11396"}],"wp:term":[{"taxonomy":"category","embeddable":true,"href":"https:\/\/www.centrodeportivocortijoalto.com\/en\/wp-json\/wp\/v2\/categories?post=11396"},{"taxonomy":"post_tag","embeddable":true,"href":"https:\/\/www.centrodeportivocortijoalto.com\/en\/wp-json\/wp\/v2\/tags?post=11396"}],"curies":[{"name":"wp","href":"https:\/\/api.w.org\/{rel}","templated":true}]}}